{"id":1278,"date":"2011-08-11T14:09:20","date_gmt":"2011-08-11T17:09:20","guid":{"rendered":"http:\/\/blog.quarta.com.br\/?p=1278"},"modified":"2011-08-12T11:30:25","modified_gmt":"2011-08-12T14:30:25","slug":"novidades-ponto-eletronico-pos-portaria-1510-a-partir-da-versao-22","status":"publish","type":"post","link":"https:\/\/blog.quarta.com.br\/?p=1278","title":{"rendered":"Novidades Ponto Eletr\u00f4nico (p\u00f3s portaria 1510) &#8211; a partir da vers\u00e3o 22"},"content":{"rendered":"<p><em><strong>Menu Tabelas<\/strong><\/em><\/p>\n<p><strong>Hor\u00e1rios (M\u00f3vel: Semanal e Mensal): <\/strong>ao tentar apagar o conte\u00fado de um dia inteiro o sistema exibia a mensagem &#8220;\u00c9 necess\u00e1rio informar os hor\u00e1rios de\u00a0ENTRADA e SA\u00cdDA do 1\u00ba per\u00edodo&#8221;. Corrigido.<\/p>\n<p><em><strong>Menu Espelhos<\/strong><\/em><\/p>\n<p><strong><em><\/em><\/strong><strong>Calcular: <\/strong>foram feitos as seguintes altera\u00e7\u00f5es:<\/p>\n<p>&#8211; Agora o programa registra no espelho uma ocorr\u00eancia de Folga, quando h\u00e1 folga definida na Tabela de Exce\u00e7\u00f5es.<\/p>\n<p>&#8211; A ocorr\u00eancia &#8217;17-FBH-Folga (Banco de Horas)&#8217; quando lan\u00e7ada no Espelho fazia\u00a0com que o sistema debitasse horas do m\u00f3dulo Banco de Horas, para conceder uma\u00a0folga ao funcion\u00e1rio, mas o sistema usava sempre a quantidade de horas definida\u00a0no m\u00f3dulo Banco de Horas em Ferramentas | Op\u00e7\u00f5es\u00a0 &#8216;N\u00famero de horas por\u00a0dia&#8217;. Agora o sistema de Ponto usa o n\u00famero de horas definido na Tabela de\u00a0Hor\u00e1rios, para aquele dia particular.<\/p>\n<p>&#8211; As faltas injustificadas, quando geradas automaticamente pela rotina de\u00a0c\u00e1lculo, n\u00e3o estavam indo para o Banco de Horas (quando configuradas para ir).\u00a0Corrigido.<\/p>\n<p>&#8211; Quando havia uma ocorr\u00eancia de Folga lan\u00e7ada em um dia que normalmente seria\u00a0de trabalho, o sistema n\u00e3o calculava Horas Normais. Corrigido.<\/p>\n<p><em><strong>Menu Relat\u00f3rios<\/strong><\/em><\/p>\n<p><strong><em><\/em><\/strong><strong>Inconsist\u00eancias: <\/strong>passa a listar mais dois tipos de inconsist\u00eancias do funcion\u00e1rio:<\/p>\n<p>&#8211; Est\u00e1 configurado como &#8216;N\u00e3o bate ponto&#8217;, mas possui marca\u00e7\u00f5es;<\/p>\n<p>&#8211; Est\u00e1 configurado como &#8216;Bate ponto&#8217;, mas n\u00e3o tem um hor\u00e1rio.<\/p>\n<p><em><strong>Menu Ferramentas<\/strong><\/em><\/p>\n<p><strong>Lan\u00e7amentos Globais: <\/strong>estava usando sempre o primeiro hor\u00e1rio da tabela de hor\u00e1rios, para todos os funcion\u00e1rios. Corrigido.<\/p>\n<p><strong>Excluir espelhos: <\/strong>passa a respeitar a Sele\u00e7\u00e3o para fazer as exclus\u00f5es. Antes a ferramenta sempre exclu\u00eda os espelhos de todos os funcion\u00e1rios.<\/p>\n<p>Agora, tamb\u00e9m \u00e9 poss\u00edvel escolher se deseja excluir as marca\u00e7\u00f5es &#8216;Originais&#8217;, &#8216;Desconsideradas&#8217; e &#8216;Pr\u00e9-assinaladas&#8217;. Antes essas marca\u00e7\u00f5es eram exclu\u00eddas sempre.<\/p>\n<p>Escrito por Rose Cristine e postado por Joana Gaspar<\/p>\n<hr \/>\n","protected":false},"excerpt":{"rendered":"<p>Menu Tabelas Hor\u00e1rios (M\u00f3vel: Semanal e Mensal): ao tentar apagar o conte\u00fado de um dia inteiro o sistema exibia a mensagem &#8220;\u00c9 necess\u00e1rio informar os hor\u00e1rios de\u00a0ENTRADA e SA\u00cdDA do 1\u00ba per\u00edodo&#8221;. Corrigido. Menu Espelhos Calcular: foram feitos as seguintes altera\u00e7\u00f5es: &#8211; Agora o programa registra no espelho uma ocorr\u00eancia de Folga, quando h\u00e1 folga &#8230;<a class=\"post-readmore\" href=\"https:\/\/blog.quarta.com.br\/?p=1278\">read more<\/a><\/p>\n","protected":false},"author":6,"featured_media":0,"comment_status":"open","ping_status":"open","sticky":false,"template":"","format":"standard","meta":{"footnotes":""},"categories":[17],"tags":[],"class_list":["post-1278","post","type-post","status-publish","format-standard","hentry","category-novidades-da-nova-versao"],"_links":{"self":[{"href":"https:\/\/blog.quarta.com.br\/index.php?rest_route=\/wp\/v2\/posts\/1278","targetHints":{"allow":["GET"]}}],"collection":[{"href":"https:\/\/blog.quarta.com.br\/index.php?rest_route=\/wp\/v2\/posts"}],"about":[{"href":"https:\/\/blog.quarta.com.br\/index.php?rest_route=\/wp\/v2\/types\/post"}],"author":[{"embeddable":true,"href":"https:\/\/blog.quarta.com.br\/index.php?rest_route=\/wp\/v2\/users\/6"}],"replies":[{"embeddable":true,"href":"https:\/\/blog.quarta.com.br\/index.php?rest_route=%2Fwp%2Fv2%2Fcomments&post=1278"}],"version-history":[{"count":13,"href":"https:\/\/blog.quarta.com.br\/index.php?rest_route=\/wp\/v2\/posts\/1278\/revisions"}],"predecessor-version":[{"id":1317,"href":"https:\/\/blog.quarta.com.br\/index.php?rest_route=\/wp\/v2\/posts\/1278\/revisions\/1317"}],"wp:attachment":[{"href":"https:\/\/blog.quarta.com.br\/index.php?rest_route=%2Fwp%2Fv2%2Fmedia&parent=1278"}],"wp:term":[{"taxonomy":"category","embeddable":true,"href":"https:\/\/blog.quarta.com.br\/index.php?rest_route=%2Fwp%2Fv2%2Fcategories&post=1278"},{"taxonomy":"post_tag","embeddable":true,"href":"https:\/\/blog.quarta.com.br\/index.php?rest_route=%2Fwp%2Fv2%2Ftags&post=1278"}],"curies":[{"name":"wp","href":"https:\/\/api.w.org\/{rel}","templated":true}]}}