{"id":1418,"date":"2011-11-18T13:15:28","date_gmt":"2011-11-18T16:15:28","guid":{"rendered":"http:\/\/blog.quarta.com.br\/?p=1418"},"modified":"2011-11-18T13:28:23","modified_gmt":"2011-11-18T16:28:23","slug":"folha-de-pagamento-quartarh-%e2%80%93-nova-versao-1-00-0389-novembro2011","status":"publish","type":"post","link":"https:\/\/blog.quarta.com.br\/?p=1418","title":{"rendered":"Folha de Pagamento QuartaRH \u2013 Nova Vers\u00e3o 1.00.0389 &#8211; Novembro\/2011"},"content":{"rendered":"<div>\n<table style=\"border-collapse:collapse\" border=\"0\">\n<colgroup>\n<col style=\"width:565px\"\/><\/colgroup>\n<tbody valign=\"top\">\n<tr>\n<td vAlign=\"middle\" style=\"padding-top: 5px; padding-left: 5px; padding-bottom: 5px; padding-right: 5px\">\n<p style=\"margin-left: 1pt\"><span style=\"color:black; font-family:Verdana; font-size:10pt\">Veja a seguir quais s\u00e3o as novidades:<br \/>\n<\/span><\/p>\n<p style=\"margin-left: 1pt\"><span style=\"color:black; font-family:Verdana; font-size:10pt\"><strong><span style=\"background-color:silver\">Menu C\u00e1lculos<\/span><br \/>\n\t\t\t\t\t\t\t\t<\/strong><\/span><\/p>\n<p style=\"margin-left: 1pt\"><span style=\"font-family:Verdana; font-size:10pt\"><strong><span style=\"color:red\">Aten\u00e7\u00e3o!<\/span> Rescis\u00e3o:<\/strong> foram feitos os seguintes ajustes:<br \/>\n<\/span><\/p>\n<ul style=\"margin-left: 37pt\">\n<li><span style=\"font-family:Verdana; font-size:10pt\"><strong>Nova Lei do Aviso Pr\u00e9vio Indenizado:<\/strong> em outubro\/2011, entrou em vigor a <a href=\"http:\/\/www.planalto.gov.br\/ccivil_03\/_Ato2011-2014\/2011\/Lei\/L12506.htm\" target=\"_blank\"><span style=\"color:blue; text-decoration:underline\">Lei n\u00ba 12.506<\/span><\/a>, D.O.U. 13\/10\/2011, que acrescentou 3 dias de aviso por ano trabalhado, aumentando o per\u00edodo do aviso pr\u00e9vio de 30 para at\u00e9 90 dias.\n<p>Sendo assim, agora, nos c\u00e1lculos das rescis\u00f5es sem justa causa, a Folha de Pagamento QuartaRH calcular\u00e1 para o evento de aviso pr\u00e9vio: 30 dias + 3 dias a cada ano trabalhado.<\/p>\n<p>Esclarecemos que, at\u00e9 o momento, est\u00e3o circulando diversas opini\u00f5es e orienta\u00e7\u00f5es sobre este assunto, inclusive do MTE, mas n\u00e3o sabemos de nenhuma Lei complementando a mat\u00e9ria original para que possamos aplic\u00e1-la em outros procedimentos, como por exemplo, o reflexo sobre f\u00e9rias e 13\u00ba sal\u00e1rio.<\/p>\n<p>Portanto, antes de finalizar as rescis\u00f5es, conv\u00e9m consultar o Sindicato e\/ou uma fonte jur\u00eddica para, se for o caso, efetuar manualmente eventuais ajustes, como por exemplo, tributa\u00e7\u00e3o e propor\u00e7\u00e3o. <\/p>\n<p>Assim que tudo ficar devidamente esclarecido em Lei, revisaremos este assunto.<br \/>\n<\/span><\/li>\n<li><span style=\"font-family:Verdana; font-size:10pt\"><strong>M\u00e9dias:<\/strong> mudamos a fun\u00e7\u00e3o do bot\u00e3o M\u00e9dias da tela do c\u00e1lculo de rescis\u00e3o. Agora, ao selecion\u00e1-lo, ao inv\u00e9s de aparecer uma tela para manipular as m\u00e9dias, aparecer\u00e1 o relat\u00f3rio de demonstrativo de m\u00e9dias no formato gr\u00e1fico.\n<p>Com esse novo relat\u00f3rio ficar\u00e1 mais f\u00e1cil conferir as m\u00e9dias que foram aplicadas ao c\u00e1lculo de rescis\u00e3o, porque ele traz, no fim da p\u00e1gina, um resumo dos valores que foram usados como Base para apurar o valor do Aviso Pr\u00e9vio Indenizado, do 13\u00ba Sal\u00e1rios e das F\u00e9rias.<\/p>\n<p>Caso seja necess\u00e1rio ajustar algum resultado, isso dever\u00e1 ser efetuado diretamente na Ficha Financeira nas guias M\u00e9dias I e M\u00e9dias II, ou seja, os ajustes efetuados atrav\u00e9s do eventos de M\u00e9dias (c\u00f3digos 283, 284, 285 e 286) acrescentados na tela de Lan\u00e7amentos n\u00e3o ser\u00e3o considerados para os c\u00e1lculos.<br \/>\n<\/span><\/li>\n<li><span style=\"font-family:Verdana; font-size:10pt\"><strong>Saldo do FGTS:<\/strong> acrescentamos na tela do c\u00e1lculo de rescis\u00e3o uma op\u00e7\u00e3o (checkbox) para atualizar o campo Saldo de FGTS.\n<p>Portanto, sempre que quiser atualizar o valor do Saldo do FGTS, ser\u00e1 necess\u00e1rio marcar essa op\u00e7\u00e3o (checkbox) e escolher SIM para fazer o download dos coeficientes da CEF para atualizar o saldo atual ou N\u00c3O para ajustar manualmente o valor apresentado neste campo.<\/p>\n<p>Lembre-se que, o valor apresentado no campo Saldo FGTS da tela de rescis\u00e3o, corresponde ao saldo existente no Hist\u00f3rico de FGTS do sistema de Registro Eletr\u00f4nico. Esse hist\u00f3rico registra os valores de FGTS computados a cada fechamento da Folha de Pagamento. Para que esse hist\u00f3rico fique de acordo com o extrato da CEF, ser\u00e1 necess\u00e1rio confirmar se existem todos os meses de dep\u00f3sitos e tamb\u00e9m atualiz\u00e1-lo mensalmente com os coeficientes de JAM baixando o arquivo Quarta.mdb (<a href=\"http:\/\/quarta.com.br\/downloads\/componentes\/\" target=\"_blank\"><span style=\"color:blue; text-decoration:underline\">http:\/\/quarta.com.br\/downloads\/componentes\/<\/span><\/a>).<br \/>\n<\/span><\/li>\n<li><span style=\"font-family:Verdana; font-size:10pt\"><strong>Homolognet: <\/strong>agora, todos os eventos de vencimentos e descontos que participaram da rescis\u00e3o poder\u00e3o ser exportados automaticamente para o sistema Homolognet.\n<p>Basta incluir em Tabelas | Rubricas, os eventos que participaram da rescis\u00e3o e n\u00e3o existem na lista de rubricas, como por exemplo, Descanso Semanal Remunerado. Depois, acessar a Tabela de Eventos, localizar o evento que foi acrescentado na lista de rubricas e preencher o campo Rubrica com o respectivo c\u00f3digo.<\/p>\n<p>Ent\u00e3o, esses novos c\u00f3digos aparecer\u00e3o no sistema Homolognet como Rubricas Externas. <strong><br \/>\n\t\t\t\t\t\t\t\t\t<\/strong><\/span><\/li>\n<\/ul>\n<p><span style=\"font-family:Verdana; font-size:10pt\"><strong><span style=\"color:red\">Aten\u00e7\u00e3o!<\/span> F\u00e9rias:<\/strong> agora, a atualiza\u00e7\u00e3o dos per\u00edodos aquisitivos de f\u00e9rias na tela de Mais Cadastro ocorrer\u00e1 somente ap\u00f3s o Fechamento do M\u00eas.<\/p>\n<p>Portanto, assim que as f\u00e9rias forem gravadas, os per\u00edodos aquisitivos ser\u00e3o os mesmos especificados no recibo de f\u00e9rias e ser\u00e3o atualiz\u00e1-los automaticamente pelo sistema no m\u00eas seguinte.<\/span><\/p>\n<\/td>\n<\/tr>\n<tr>\n<td vAlign=\"middle\" style=\"padding-top: 5px; padding-left: 5px; padding-bottom: 5px; padding-right: 5px\">\n<p style=\"margin-left: 1pt\"><span style=\"color:black; font-family:Verdana; font-size:10pt\"><strong><span style=\"background-color:silver\">Menu Relat\u00f3rios<\/span><br \/>\n\t\t\t\t\t\t\t\t<\/strong><\/span><\/p>\n<p style=\"margin-left: 1pt\"><span style=\"font-family:Verdana; font-size:10pt\"><strong><span style=\"color:red\">Novo!<\/span> Gerenciais | M\u00e9dias (gr\u00e1fico):<\/strong> disponibilizamos o relat\u00f3rio de M\u00e9dias em Modo Gr\u00e1fico.<\/p>\n<p>Esse novo modelo apresenta um layout mais moderno e detalhado, facilitando ainda mais a confer\u00eancia dos c\u00e1lculos onde os valores de m\u00e9dias ser\u00e3o aplicados, ou seja, em f\u00e9rias, rescis\u00e3o, 13\u00ba sal\u00e1rio e provis\u00f5es.<\/span><\/p>\n<\/td>\n<\/tr>\n<tr>\n<td vAlign=\"middle\" style=\"padding-top: 5px; padding-left: 5px; padding-bottom: 5px; padding-right: 5px\">\n<p style=\"margin-left: 1pt\"><span style=\"color:black; font-family:Verdana; font-size:10pt\"><strong><span style=\"background-color:silver\">Menu Fechamento<\/span><br \/>\n\t\t\t\t\t\t\t\t<\/strong><\/span><\/p>\n<p style=\"margin-left: 1pt\"><span style=\"font-family:Verdana; font-size:10pt\"><strong><span style=\"color:red\">Novo!<\/span> Integra\u00e7\u00e3o Cont\u00e1bil:<\/strong> acrescentamos na tela dessa rotina:<\/p>\n<p>&#8211; O Layout: Formato 29 &#8211; Sci Sucessor;<\/p>\n<p>&#8211; Op\u00e7\u00e3o para escolher se quer ou n\u00e3o utilizar a Tabela de Integra\u00e7\u00e3o Cont\u00e1bil.<\/span><\/p>\n<\/td>\n<\/tr>\n<\/tbody>\n<\/table>\n<\/div>\n<p>\n\u00a0<\/p>\n<p>Postado por:  Rose Cristine\n<\/p>\n<hr>\n","protected":false},"excerpt":{"rendered":"<p>Veja a seguir quais s\u00e3o as novidades: Menu C\u00e1lculos Aten\u00e7\u00e3o! Rescis\u00e3o: foram feitos os seguintes ajustes: Nova Lei do Aviso Pr\u00e9vio Indenizado: em outubro\/2011, entrou em vigor a Lei n\u00ba 12.506, D.O.U. 13\/10\/2011, que acrescentou 3 dias de aviso por ano trabalhado, aumentando o per\u00edodo do aviso pr\u00e9vio de 30 para at\u00e9 90 dias. Sendo &#8230;<a class=\"post-readmore\" href=\"https:\/\/blog.quarta.com.br\/?p=1418\">read more<\/a><\/p>\n","protected":false},"author":3,"featured_media":0,"comment_status":"open","ping_status":"open","sticky":false,"template":"","format":"standard","meta":{"footnotes":""},"categories":[17],"tags":[167,26,20,19,53,4],"class_list":["post-1418","post","type-post","status-publish","format-standard","hentry","category-novidades-da-nova-versao","tag-folha-de-pagamento","tag-quartarh","tag-rh","tag-sistemas","tag-softwares","tag-suporte"],"_links":{"self":[{"href":"https:\/\/blog.quarta.com.br\/index.php?rest_route=\/wp\/v2\/posts\/1418","targetHints":{"allow":["GET"]}}],"collection":[{"href":"https:\/\/blog.quarta.com.br\/index.php?rest_route=\/wp\/v2\/posts"}],"about":[{"href":"https:\/\/blog.quarta.com.br\/index.php?rest_route=\/wp\/v2\/types\/post"}],"author":[{"embeddable":true,"href":"https:\/\/blog.quarta.com.br\/index.php?rest_route=\/wp\/v2\/users\/3"}],"replies":[{"embeddable":true,"href":"https:\/\/blog.quarta.com.br\/index.php?rest_route=%2Fwp%2Fv2%2Fcomments&post=1418"}],"version-history":[{"count":2,"href":"https:\/\/blog.quarta.com.br\/index.php?rest_route=\/wp\/v2\/posts\/1418\/revisions"}],"predecessor-version":[{"id":1423,"href":"https:\/\/blog.quarta.com.br\/index.php?rest_route=\/wp\/v2\/posts\/1418\/revisions\/1423"}],"wp:attachment":[{"href":"https:\/\/blog.quarta.com.br\/index.php?rest_route=%2Fwp%2Fv2%2Fmedia&parent=1418"}],"wp:term":[{"taxonomy":"category","embeddable":true,"href":"https:\/\/blog.quarta.com.br\/index.php?rest_route=%2Fwp%2Fv2%2Fcategories&post=1418"},{"taxonomy":"post_tag","embeddable":true,"href":"https:\/\/blog.quarta.com.br\/index.php?rest_route=%2Fwp%2Fv2%2Ftags&post=1418"}],"curies":[{"name":"wp","href":"https:\/\/api.w.org\/{rel}","templated":true}]}}