{"id":1491,"date":"2012-07-26T17:37:49","date_gmt":"2012-07-26T20:37:49","guid":{"rendered":"http:\/\/blog.quarta.com.br\/?p=1491"},"modified":"2012-07-26T17:43:40","modified_gmt":"2012-07-26T20:43:40","slug":"fazenda-gov-efd-social-escrituracao-fiscal-da-folha-de-pagamento-obrigacoes-previdenciarias-trabalhistas-e-fiscais-implementacao-prevista-para-2014","status":"publish","type":"post","link":"https:\/\/blog.quarta.com.br\/?p=1491","title":{"rendered":"FAZENDA.GOV &#8211; EFD-Social: Escritura\u00e7\u00e3o Fiscal da Folha de Pagamento, Obriga\u00e7\u00f5es Previdenci\u00e1rias, Trabalhistas e Fiscais &#8211; implementa\u00e7\u00e3o prevista para 2014"},"content":{"rendered":"<p><a href=\"http:\/\/www1.receita.fazenda.gov.br\/noticias\/2012\/julho\/noticia-25072012.htm\"><span style=\"font-family: Arial;\"><strong>Escritura\u00e7\u00e3o Fiscal da Folha de Pagamento e das Obriga\u00e7\u00f5es Previdenci\u00e1rias, Trabalhistas e Fiscais (EFD-Social)<\/strong><\/span><\/a><\/p>\n<p style=\"text-align: justify; background: white; margin-left: 30pt;\"><span style=\"font-family: Arial; font-size: 10pt;\">A EFD-Social consiste na escritura\u00e7\u00e3o digital da folha de pagamento e das obriga\u00e7\u00f5es trabalhistas, previdenci\u00e1rias e fiscais relativas a todo e qualquer v\u00ednculo trabalhista contratado no Brasil. \u00c9 um m\u00f3dulo no \u00e2mbito do Sistema P\u00fablico de Escritura\u00e7\u00e3o Digital (Sped) e se constitui em mais um avan\u00e7o na informatiza\u00e7\u00e3o da rela\u00e7\u00e3o entre o fisco e os contribuintes.<br \/>\n<\/span><\/p>\n<p style=\"text-align: justify; background: white; margin-left: 30pt;\"><span style=\"font-family: Arial; font-size: 10pt;\">A EFD-Social \u00e9 um projeto que atender\u00e1 as necessidades da Secretaria da Receita Federal do Brasil (RFB), do Minist\u00e9rio do Trabalho e Emprego (MTE), do Instituto Nacional do Seguro Social (INSS), da Caixa Econ\u00f4mica Federal (CEF) e do Conselho Curador do Fundo de Garantia por Tempo de Servi\u00e7o (FGTS), bem como a Justi\u00e7a do Trabalho, em especial no m\u00f3dulo relativo ao tratamento das A\u00e7\u00f5es Reclamat\u00f3rias Trabalhistas.<br \/>\n<\/span><\/p>\n<p style=\"text-align: justify; background: white; margin-left: 30pt;\"><span style=\"font-family: Arial; font-size: 10pt;\">As informa\u00e7\u00f5es que far\u00e3o parte da EFD-Social s\u00e3o:<br \/>\n<\/span><\/p>\n<ul>\n<li>\n<div style=\"text-align: justify; background: white;\"><span style=\"font-family: Arial; font-size: 10pt;\">Eventos trabalhistas \u2013 informa\u00e7\u00f5es resultantes da rela\u00e7\u00e3o jur\u00eddica entre o empregado e o empregador, tais como admiss\u00f5es, afastamentos tempor\u00e1rios, comunica\u00e7\u00f5es de aviso pr\u00e9vio, comunica\u00e7\u00f5es de acidente de trabalho, etc.<br \/>\n<\/span><\/div>\n<\/li>\n<li>\n<div style=\"text-align: justify; background: white;\"><span style=\"font-family: Arial; font-size: 10pt;\">Folha de Pagamento;<br \/>\n<\/span><\/div>\n<\/li>\n<li>\n<div style=\"text-align: justify; background: white;\"><span style=\"font-family: Arial; font-size: 10pt;\">A\u00e7\u00f5es judiciais trabalhistas;<br \/>\n<\/span><\/div>\n<\/li>\n<li>\n<div style=\"text-align: justify; background: white;\"><span style=\"font-family: Arial; font-size: 10pt;\">Reten\u00e7\u00f5es de contribui\u00e7\u00e3o previdenci\u00e1ria;<br \/>\n<\/span><\/div>\n<\/li>\n<li>\n<div style=\"text-align: justify; background: white;\"><span style=\"font-family: Arial; font-size: 10pt;\">Algumas contribui\u00e7\u00f5es previdenci\u00e1rias substitu\u00eddas como as incidentes sobre a comercializa\u00e7\u00e3o da produ\u00e7\u00e3o rural, espet\u00e1culos desportivos, cooperativas de trabalho, presta\u00e7\u00e3o de servi\u00e7os com cess\u00e3o de m\u00e3o de obra, patroc\u00ednios a associa\u00e7\u00f5es desportivas que mantenham equipes de futebol profissional, etc.<br \/>\n<\/span><\/div>\n<p style=\"text-align: justify; background: white;\"><span style=\"font-family: Arial; font-size: 10pt;\">As informa\u00e7\u00f5es de eventos trabalhistas ser\u00e3o transmitidas tempestivamente, ou seja, \u00e0 medida que ocorrerem, em arquivos individuais para cada evento e alimentar\u00e3o uma base de dados denominada Registro de Eventos Trabalhistas, que representar\u00e1 o hist\u00f3rico laboral do trabalhador.<br \/>\n<\/span><\/p>\n<p style=\"text-align: justify; background: white;\"><span style=\"font-family: Arial; font-size: 10pt;\">A Folha de Pagamento ser\u00e1 transmitida mensalmente e dever\u00e1 estar consistente com o Registro de Eventos Trabalhistas.<br \/>\n<\/span><\/p>\n<p style=\"text-align: justify; background: white;\"><span style=\"font-family: Arial; font-size: 10pt;\">A institui\u00e7\u00e3o da EFD-Social como porta de entrada e controle das informa\u00e7\u00f5es decorrentes dos v\u00ednculos empregat\u00edcios tem como objetivos, entre outros:<br \/>\n<\/span><\/p>\n<\/li>\n<li>\n<div style=\"text-align: justify; background: white;\"><span style=\"font-family: Arial; font-size: 10pt;\">Racionalizar e uniformizar as obriga\u00e7\u00f5es acess\u00f3rias para os contribuintes, com o estabelecimento de transmiss\u00e3o \u00fanica para informa\u00e7\u00f5es atualmente exigidas por meio de distintas obriga\u00e7\u00f5es acess\u00f3rias de diferentes \u00f3rg\u00e3os fiscalizadores.<br \/>\n<\/span><\/div>\n<\/li>\n<li>\n<div style=\"text-align: justify; background: white;\"><span style=\"font-family: Arial; font-size: 10pt;\">Reduzir o custo de produ\u00e7\u00e3o, controle e disponibiliza\u00e7\u00e3o das informa\u00e7\u00f5es trabalhistas, previdenci\u00e1rias e fiscais.<br \/>\n<\/span><\/div>\n<\/li>\n<li>\n<div style=\"text-align: justify; background: white;\"><span style=\"font-family: Arial; font-size: 10pt;\">Compartilhamento de um \u00fanico banco de dados entre os \u00f3rg\u00e3os intervenientes, com informa\u00e7\u00f5es integradas e atualizadas sobre o universo relativo aos v\u00ednculos do trabalho, respeitadas as prerrogativas e restri\u00e7\u00f5es legalmente impostas.<br \/>\n<\/span><\/div>\n<\/li>\n<li>\n<div style=\"text-align: justify; background: white;\"><span style=\"font-family: Arial; font-size: 10pt;\">Melhorar a distribui\u00e7\u00e3o da carga tribut\u00e1ria sobre os contribuintes pelo vigoroso combate \u00e0 sonega\u00e7\u00e3o, tornando mais c\u00e9lere a identifica\u00e7\u00e3o de il\u00edcitos trabalhistas, previdenci\u00e1rios e tribut\u00e1rios, com a melhoria do controle dos processos, a rapidez no acesso \u00e0s informa\u00e7\u00f5es e a fiscaliza\u00e7\u00e3o mais efetiva das opera\u00e7\u00f5es com o cruzamento de dados e auditoria eletr\u00f4nica.<br \/>\n<\/span><\/div>\n<\/li>\n<li>\n<div style=\"text-align: justify; background: white;\"><span style=\"font-family: Arial; font-size: 10pt;\">Reduzir as fraudes na concess\u00e3o de benef\u00edcios previdenci\u00e1rios e no seguro desemprego pela implementa\u00e7\u00e3o de m\u00e9todos seguros de transmiss\u00e3o e cruzamento de informa\u00e7\u00f5es.<br \/>\n<\/span><\/div>\n<\/li>\n<li>\n<div style=\"text-align: justify; background: white;\"><span style=\"font-family: Arial; font-size: 10pt;\">Ampliar a base de arrecada\u00e7\u00e3o dos tributos incidentes sobre a remunera\u00e7\u00e3o, sem aumentar a carga tribut\u00e1ria. Reduzir a informalidade na rela\u00e7\u00e3o de emprego.<br \/>\n<span style=\"font-family: Arial; font-size: 10pt; background-color: white;\"><br \/>\nO projeto da EFD-Social est\u00e1 em fase de especifica\u00e7\u00e3o e a divulga\u00e7\u00e3o do leiaute de armazenamento das informa\u00e7\u00f5es dispon\u00edvel no segundo semestre de 2013 e sua implementa\u00e7\u00e3o prevista para o in\u00edcio de 2014.<\/p>\n<p><strong>Fonte:<\/strong> <a href=\"http:\/\/www1.receita.fazenda.gov.br\/default.htm\">Fazenda &#8211; Sped<\/a><\/span><\/span><\/div>\n<p style=\"text-align: justify; background: white;\"><span style=\"font-family: Arial; font-size: 10pt;\">______________________________________________________________________________ <\/span><\/p>\n<\/li>\n<\/ul>\n","protected":false},"excerpt":{"rendered":"<p>Escritura\u00e7\u00e3o Fiscal da Folha de Pagamento e das Obriga\u00e7\u00f5es Previdenci\u00e1rias, Trabalhistas e Fiscais (EFD-Social) A EFD-Social consiste na escritura\u00e7\u00e3o digital da folha de pagamento e das obriga\u00e7\u00f5es trabalhistas, previdenci\u00e1rias e fiscais relativas a todo e qualquer v\u00ednculo trabalhista contratado no Brasil. \u00c9 um m\u00f3dulo no \u00e2mbito do Sistema P\u00fablico de Escritura\u00e7\u00e3o Digital (Sped) e se &#8230;<a class=\"post-readmore\" href=\"https:\/\/blog.quarta.com.br\/?p=1491\">read more<\/a><\/p>\n","protected":false},"author":3,"featured_media":0,"comment_status":"open","ping_status":"open","sticky":false,"template":"","format":"standard","meta":{"footnotes":""},"categories":[84],"tags":[165,21,76,167,57,8,20,19,53,4],"class_list":["post-1491","post","type-post","status-publish","format-standard","hentry","category-efd-social-2","tag-aplicativos-do-governo","tag-dp","tag-efd-social","tag-folha-de-pagamento","tag-folha-digital","tag-previdencia-social","tag-rh","tag-sistemas","tag-softwares","tag-suporte"],"_links":{"self":[{"href":"https:\/\/blog.quarta.com.br\/index.php?rest_route=\/wp\/v2\/posts\/1491","targetHints":{"allow":["GET"]}}],"collection":[{"href":"https:\/\/blog.quarta.com.br\/index.php?rest_route=\/wp\/v2\/posts"}],"about":[{"href":"https:\/\/blog.quarta.com.br\/index.php?rest_route=\/wp\/v2\/types\/post"}],"author":[{"embeddable":true,"href":"https:\/\/blog.quarta.com.br\/index.php?rest_route=\/wp\/v2\/users\/3"}],"replies":[{"embeddable":true,"href":"https:\/\/blog.quarta.com.br\/index.php?rest_route=%2Fwp%2Fv2%2Fcomments&post=1491"}],"version-history":[{"count":5,"href":"https:\/\/blog.quarta.com.br\/index.php?rest_route=\/wp\/v2\/posts\/1491\/revisions"}],"predecessor-version":[{"id":1496,"href":"https:\/\/blog.quarta.com.br\/index.php?rest_route=\/wp\/v2\/posts\/1491\/revisions\/1496"}],"wp:attachment":[{"href":"https:\/\/blog.quarta.com.br\/index.php?rest_route=%2Fwp%2Fv2%2Fmedia&parent=1491"}],"wp:term":[{"taxonomy":"category","embeddable":true,"href":"https:\/\/blog.quarta.com.br\/index.php?rest_route=%2Fwp%2Fv2%2Fcategories&post=1491"},{"taxonomy":"post_tag","embeddable":true,"href":"https:\/\/blog.quarta.com.br\/index.php?rest_route=%2Fwp%2Fv2%2Ftags&post=1491"}],"curies":[{"name":"wp","href":"https:\/\/api.w.org\/{rel}","templated":true}]}}