{"id":1540,"date":"2012-09-04T14:09:22","date_gmt":"2012-09-04T17:09:22","guid":{"rendered":"http:\/\/blog.quarta.com.br\/?p=1540"},"modified":"2012-09-04T14:36:39","modified_gmt":"2012-09-04T17:36:39","slug":"ponto-eletronico-portaria-1-5102009-reveja-os-prazos","status":"publish","type":"post","link":"https:\/\/blog.quarta.com.br\/?p=1540","title":{"rendered":"Ponto Eletr\u00f4nico (Portaria 1.510\/2009): REP \u2013 Em vigor a partir de 2012 &#8211; Reveja os prazos"},"content":{"rendered":"<ul>\n<li><span style=\"font-family: Verdana; font-size: 10pt;\"><span style=\"font-family: Verdana; font-size: 10pt;\"><strong>A <a href=\"http:\/\/portal.mte.gov.br\/data\/files\/8A7C816A350AC88201356866B05359E0\/Portaria%202686%202011%20escalona%20prazo.pdf\">Portaria MTE n\u00ba 2.686<\/a><\/strong>, de 27\/12\/2011, estabeleceu:<\/span><\/span>Art. 1\u00ba &#8211; O art. 31 da <a href=\"http:\/\/portal.mte.gov.br\/data\/files\/8A7C816A350AC8820135685CC74E1DCE\/Portaria%201510%202009%20consolidada.pdf\">Portaria n\u00ba 1.510,<\/a> de 21 de agosto de 2009, somente produzir\u00e1 efeitos:\n<p>I &#8211; <strong>A partir de 2 de abril de 2012, para as empresas que exploram atividades na ind\u00fastria, no com\u00e9rcio em geral, no setor deservi\u00e7os, incluindo, entre outros, os setores financeiro, de transportes, de constru\u00e7\u00e3o, de comunica\u00e7\u00f5es, de energia, de sa\u00fade e de educa\u00e7\u00e3o;<\/strong><\/p>\n<p>II &#8211; <strong>A partir de 1\u00ba de junho de 2012, para as empresas que exploram atividade agro-econ\u00f4mica<\/strong> nos termos da Lei n.\u00ba 5.889, de 8 de julho de 1973;<\/p>\n<p>III &#8211; <strong>A partir de 3 de setembro de 2012, para as microempresas e empresas de pequeno porte,<\/strong> definidas na forma da Lei Complementar n\u00ba 126\/2006.<\/li>\n<li><span style=\"font-family: Verdana; font-size: 10pt;\"><span style=\"font-family: Verdana; font-size: 10pt;\"><strong>Site MTE<\/strong> \u2013 Ponto Eletr\u00f4nico \u2013 Perguntas e Respostas \u2013 <a href=\"http:\/\/portal.mte.gov.br\/pontoeletronico\/perguntas-e-respostas.htm\">Vig\u00eancia e prazos<\/a>:<\/span><\/span><a href=\"http:\/\/portal.mte.gov.br\/data\/files\/8A7C816A350AC8820135EEA1FA77038E\/VIGENCIA%20E%20PRAZOS.pdf\">2. Quando a Portaria entra em vigor?<\/a>\n<p>Na data de sua publica\u00e7\u00e3o, 25\/08\/2009, exceto para o uso do REP, cujo in\u00edcio da obrigatoriedade depende da atividade econ\u00f4mica do empregador. Registre-se que tal obrigatoriedade aplica-se apenas aos empregadores que utilizam registro eletr\u00f4nico de ponto.<\/p>\n<p>Os empregadores que exploram atividades na ind\u00fastria, no com\u00e9rcio em geral, no setor de servi\u00e7os, incluindo, entre outros, os setores financeiro, de transportes, de constru\u00e7\u00e3o, de comunica\u00e7\u00f5es, de energia, de sa\u00fade e de educa\u00e7\u00e3o s\u00e3o obrigados a usar o REP a partir do dia 02\/04\/2012.<\/p>\n<p>Os empregadores que exploram atividade agro-econ\u00f4mica nos termos da Lei n.\u00ba 5.889, de 8 de julho de 1973 s\u00e3o obrigados a usar o REP a partir do dia 01\/06\/2012 e as microempresas e empresas de pequeno porte, definidas na forma da Lei Complementar n\u00ba 126\/2006 s\u00e3o obrigadas a utilizar o REP a partir do dia 03\/09\/2012.<\/p>\n<p>Observe-se que nos primeiros noventa dias de obrigatoriedade de utiliza\u00e7\u00e3o do REP a fiscaliza\u00e7\u00e3o ser\u00e1 orientativa, conforme art. 627 da CLT e art. 23 do Decreto n\u00ba 4.552\/2002, Regulamento da Inspe\u00e7\u00e3o do Trabalho.<\/li>\n<\/ul>\n","protected":false},"excerpt":{"rendered":"<p>A Portaria MTE n\u00ba 2.686, de 27\/12\/2011, estabeleceu:Art. 1\u00ba &#8211; O art. 31 da Portaria n\u00ba 1.510, de 21 de agosto de 2009, somente produzir\u00e1 efeitos: I &#8211; A partir de 2 de abril de 2012, para as empresas que exploram atividades na ind\u00fastria, no com\u00e9rcio em geral, no setor deservi\u00e7os, incluindo, entre outros, os &#8230;<a class=\"post-readmore\" href=\"https:\/\/blog.quarta.com.br\/?p=1540\">read more<\/a><\/p>\n","protected":false},"author":3,"featured_media":0,"comment_status":"open","ping_status":"open","sticky":false,"template":"","format":"standard","meta":{"footnotes":""},"categories":[5],"tags":[33,164,15,31,30,4],"class_list":["post-1540","post","type-post","status-publish","format-standard","hentry","category-ponto-eletronico","tag-folha-de-ponto","tag-ponto-eletronico","tag-portaria-1510","tag-registrador-eletronico-de-ponto","tag-rep","tag-suporte"],"_links":{"self":[{"href":"https:\/\/blog.quarta.com.br\/index.php?rest_route=\/wp\/v2\/posts\/1540","targetHints":{"allow":["GET"]}}],"collection":[{"href":"https:\/\/blog.quarta.com.br\/index.php?rest_route=\/wp\/v2\/posts"}],"about":[{"href":"https:\/\/blog.quarta.com.br\/index.php?rest_route=\/wp\/v2\/types\/post"}],"author":[{"embeddable":true,"href":"https:\/\/blog.quarta.com.br\/index.php?rest_route=\/wp\/v2\/users\/3"}],"replies":[{"embeddable":true,"href":"https:\/\/blog.quarta.com.br\/index.php?rest_route=%2Fwp%2Fv2%2Fcomments&post=1540"}],"version-history":[{"count":11,"href":"https:\/\/blog.quarta.com.br\/index.php?rest_route=\/wp\/v2\/posts\/1540\/revisions"}],"predecessor-version":[{"id":1550,"href":"https:\/\/blog.quarta.com.br\/index.php?rest_route=\/wp\/v2\/posts\/1540\/revisions\/1550"}],"wp:attachment":[{"href":"https:\/\/blog.quarta.com.br\/index.php?rest_route=%2Fwp%2Fv2%2Fmedia&parent=1540"}],"wp:term":[{"taxonomy":"category","embeddable":true,"href":"https:\/\/blog.quarta.com.br\/index.php?rest_route=%2Fwp%2Fv2%2Fcategories&post=1540"},{"taxonomy":"post_tag","embeddable":true,"href":"https:\/\/blog.quarta.com.br\/index.php?rest_route=%2Fwp%2Fv2%2Ftags&post=1540"}],"curies":[{"name":"wp","href":"https:\/\/api.w.org\/{rel}","templated":true}]}}