{"id":162,"date":"2010-11-04T10:37:42","date_gmt":"2010-11-04T13:37:42","guid":{"rendered":"http:\/\/blog.quarta.com.br\/?p=162"},"modified":"2010-11-04T14:46:46","modified_gmt":"2010-11-04T17:46:46","slug":"ponto-eletronico-alteracoes-em-funcao-da-portaria-1-5102009","status":"publish","type":"post","link":"https:\/\/blog.quarta.com.br\/?p=162","title":{"rendered":"Ponto Eletr\u00f4nico: altera\u00e7\u00f5es no nosso sistema em fun\u00e7\u00e3o da Portaria 1.510\/2009"},"content":{"rendered":"<p>Seguem algumas das altera\u00e7\u00f5es que estar\u00e3o dispon\u00edveis na nova vers\u00e3o do Ponto Eletr\u00f4nico:<\/p>\n<ul>\n<li><strong>Arquivo: Importa\u00e7\u00e3o:<\/strong> Agora a rotina de importa\u00e7\u00e3o n\u00e3o gera mais ocorr\u00eancias (Faltas, F\u00e9rias, Afastamentos, Falta Marca\u00e7\u00e3o). Essas ocorr\u00eancias s\u00e3o geradas apenas na rotina de C\u00e1lculo, feito atrav\u00e9s do menu &#8216;Espelhos | Calcular utilizando a sele\u00e7\u00e3o&#8217;. A importa\u00e7\u00e3o pode ser feita tanto dos rel\u00f3gios que j\u00e1 est\u00e3o de acordo com a nova Portaria quanto dos rel\u00f3gios anteriores \u00e0 Portaria.<\/li>\n<li><strong>Tabelas: Hor\u00e1rios:<\/strong> Mudamos o conceito para cadastrar hor\u00e1rios sem intervalo. Antes, o in\u00edcio da jornada deveria ser cadastrado no campo Entrada1 e o fim da jornada no campo Saida2, mesmo que n\u00e3o houvesse intervalo. Agora o usu\u00e1rio deve cadastrar sempre a dupla Entrada\/Sa\u00edda de um mesmo per\u00edodo. Ent\u00e3o, se o hor\u00e1rio\u00a0s\u00f3 tem 1 per\u00edodo (5 horas de expediente sem intervalo, por exemplo), o usu\u00e1rio s\u00f3 deve informar os campos Entrada1 e Saida1.<\/li>\n<li><strong>Tabelas: Ocorr\u00eancias:<\/strong> Foram adicionadas novas ocorr\u00eancias a esta tabela. Os resultados do c\u00e1lculo (Horas Normais, Horas Extras, Atrasos, etc.), assim como feriados, dias compensados e dias de compensa\u00e7\u00e3o, agora s\u00e3o armazenados tamb\u00e9m em ocorr\u00eancias.<\/li>\n<li><strong>Tabelas: Perfis de configura\u00e7\u00e3o: Horas Extras:<\/strong> Criamos um novo campo para indicar o percentual da faixa de Horas Extras, porque \u00e9 uma informa\u00e7\u00e3o necess\u00e1ria para a cria\u00e7\u00e3o do novo arquivo fiscal ACJEF.<\/li>\n<li><strong>Tabelas: REPs:<\/strong> Possibilita o cadastramento de todos os rel\u00f3gios (REP \u2013 Registrador Eletr\u00f4nico de Ponto) usados pela empresa. Para importar um AFD (Arquivo Fonte de Dados; arquivo texto que vem do rel\u00f3gio, com as marca\u00e7\u00f5es dos funcion\u00e1rios) \u00e9 necess\u00e1rio anteriormente ter o REP cadastrado nessa tabela, com o seu devido &#8216;N\u00famero de Fabrica\u00e7\u00e3o&#8217;. Segundo a Portaria 1510, cada REP deve estar vinculado a um \u00fanico CNPJ.<\/li>\n<li><strong>Tabelas: Motivos:<\/strong> Criamos uma nova Tabela de Motivos, que permite o cadastramento de textos de justificativa, que devem ser informados obrigatoriamente no caso de marca\u00e7\u00f5es desconsideradas ou inclu\u00eddas.<\/li>\n<li><strong>Funcion\u00e1rios: Manuten\u00e7\u00e3o das Marca\u00e7\u00f5es e Ocorr\u00eancias da Jornada:<\/strong> As\u00a0marca\u00e7\u00f5es n\u00e3o podem mais ser editadas diretamente na grade do Espelho, como nas vers\u00f5es anteriores, mas, atrav\u00e9s dessa tela \u00e9 poss\u00edvel fazer corre\u00e7\u00f5es no Espelho, como alterar a posi\u00e7\u00e3o ou a data da jornada de uma marca\u00e7\u00e3o, ou incluir uma marca\u00e7\u00e3o que esteja faltando (\u00e9\u00a0necess\u00e1rio informar um motivo), ou desconsiderar uma marca\u00e7\u00e3o que esteja incorreta (n\u00e3o \u00e9 poss\u00edvel excluir uma marca\u00e7\u00e3o vinda do rel\u00f3gio, apenas marca-la como desconsiderada; nesse caso tamb\u00e9m \u00e9 necess\u00e1rio informar um motivo). \u00c9 tamb\u00e9m atrav\u00e9s dessa tela que ser\u00e1 feita a manuten\u00e7\u00e3o das ocorr\u00eancias de determinado dia.<\/li>\n<li><strong><strong>Funcion\u00e1rios: <\/strong>Marca\u00e7\u00f5es:<\/strong> Aqui \u00e9 poss\u00edvel visualizar todas as marca\u00e7\u00f5es, e seus atributos, que comp\u00f5em o espelho do funcion\u00e1rio corrente.<\/li>\n<li><strong><strong>Funcion\u00e1rios: <\/strong>Ocorr\u00eancias:<\/strong> Como a tela de Marca\u00e7\u00f5es, possibilita a visualiza\u00e7\u00e3o de todas as ocorr\u00eancias, e seus atributos, registradas em determinada compet\u00eancia.<\/li>\n<li><strong>Espelhos: Calcular:<\/strong> Antes o sistema levava em considera\u00e7\u00e3o apenas as horas normais para calcular as horas noturnas, mas agora leva em considera\u00e7\u00e3o tamb\u00e9m as horas extras, porque essa separa\u00e7\u00e3o deve constar no arquivo fiscal ACJEF.<\/li>\n<li><strong>Relat\u00f3rios: Espelho de Ponto Modelo Portaria 1510\/2009: <\/strong>Adicionado esse\u00a0novo relat\u00f3rio, que \u00e9\u00a0 um dos\u00a0documentos que ser\u00e1 solicitado no caso de fiscaliza\u00e7\u00e3o. Os espelhos que j\u00e1 eram emitidos anteriormente n\u00e3o precisam ser substitu\u00eddos por esse novo relat\u00f3rio.<\/li>\n<li><strong>Relat\u00f3rios:\u00a0Crach\u00e1s: <\/strong>Agora o c\u00f3digo de barra dos crach\u00e1s usar\u00e1 o n\u00famero do PIS, porque essa \u00e9 a identifica\u00e7\u00e3o usada nos REPs.<\/li>\n<li><strong>Ferramentas: Op\u00e7\u00f5es: Rel\u00f3gio:<\/strong> Adicionado um novo layout de rel\u00f3gio, &#8216;Arquivo-Fonte de Dados (AFD)&#8217;, que ser\u00e1 utilizado pelas empresas que j\u00e1 utilizam algum REP (Registrador Eletr\u00f4nico de Ponto). Os demais layouts continuar\u00e3o dispon\u00edveis, portanto, o sistema continuar\u00e1 importando informa\u00e7\u00f5es dos rel\u00f3gios que ainda n\u00e3o est\u00e3o de acordo com a nova Portaria.<\/li>\n<li><strong>Ferramentas: Exportar: Arquivos Fiscais:<\/strong><br \/>\n\u00a0\u00a0 <strong>&#8211; AFDT:<\/strong> Cont\u00e9m todas as marca\u00e7\u00f5es importadas do rel\u00f3gio (originais e desconsideradas), mais as marca\u00e7\u00f5es criadas automaticamente pelo sistema (pr\u00e9-assinaladas, usadas quando o funcion\u00e1rio n\u00e3o bate intervalo) e as que foram inclu\u00eddas pelo usu\u00e1rio (inclu\u00eddas).<br \/>\n<strong>\u00a0\u00a0 <strong>&#8211; <\/strong>ACJEF:<\/strong> Cont\u00e9m informa\u00e7\u00f5es sobre o hor\u00e1rio contratual dos funcion\u00e1rios, al\u00e9m dos seguintes totais (informados dia-a-dia, por funcion\u00e1rio): Horas Normais Diurnas e Horas Normais Noturnas, Horas Extras Diurnas e Horas Extras Noturnas (ambas separadas por percentual), Horas de Faltas e\/ou Atrasos, Saldo de Horas a Compensar (do Banco de Horas).<\/li>\n<\/ul>\n<p>Qualquer d\u00favida com rela\u00e7\u00e3o ao novo sistema de Ponto Eletr\u00f4nico, entre em contato conosco atrav\u00e9s do email <a href=\"<script>MailGuard('suporte','quarta.com')<\/script>.br\"><script>MailGuard('suporte','quarta.com')<\/script>.br<\/a>\u00a0ou de nossos <a href=\"http:\/\/quarta.com.br\/empresa\/contato.aspx\">telefones<\/a>.<\/p>\n<p>Assita o v\u00eddeo do novo sistema de Ponto <a href=\"http:\/\/www.youtube.com\/QuartaRH?gl=BR&amp;hl=pt#p\/a\/1B1C0DCB85B8832E\/2\/TYcmsBAXxdE\">clicando aqui<\/a>.<\/p>\n","protected":false},"excerpt":{"rendered":"<p>Seguem algumas das altera\u00e7\u00f5es que estar\u00e3o dispon\u00edveis na nova vers\u00e3o do Ponto Eletr\u00f4nico: Arquivo: Importa\u00e7\u00e3o: Agora a rotina de importa\u00e7\u00e3o n\u00e3o gera mais ocorr\u00eancias (Faltas, F\u00e9rias, Afastamentos, Falta Marca\u00e7\u00e3o). Essas ocorr\u00eancias s\u00e3o geradas apenas na rotina de C\u00e1lculo, feito atrav\u00e9s do menu &#8216;Espelhos | Calcular utilizando a sele\u00e7\u00e3o&#8217;. A importa\u00e7\u00e3o pode ser feita tanto dos &#8230;<a class=\"post-readmore\" href=\"https:\/\/blog.quarta.com.br\/?p=162\">read more<\/a><\/p>\n","protected":false},"author":6,"featured_media":0,"comment_status":"open","ping_status":"open","sticky":false,"template":"","format":"standard","meta":{"footnotes":""},"categories":[17,5],"tags":[33,164,15,31,35,30],"class_list":["post-162","post","type-post","status-publish","format-standard","hentry","category-novidades-da-nova-versao","category-ponto-eletronico","tag-folha-de-ponto","tag-ponto-eletronico","tag-portaria-1510","tag-registrador-eletronico-de-ponto","tag-registro-de-ponto","tag-rep"],"_links":{"self":[{"href":"https:\/\/blog.quarta.com.br\/index.php?rest_route=\/wp\/v2\/posts\/162","targetHints":{"allow":["GET"]}}],"collection":[{"href":"https:\/\/blog.quarta.com.br\/index.php?rest_route=\/wp\/v2\/posts"}],"about":[{"href":"https:\/\/blog.quarta.com.br\/index.php?rest_route=\/wp\/v2\/types\/post"}],"author":[{"embeddable":true,"href":"https:\/\/blog.quarta.com.br\/index.php?rest_route=\/wp\/v2\/users\/6"}],"replies":[{"embeddable":true,"href":"https:\/\/blog.quarta.com.br\/index.php?rest_route=%2Fwp%2Fv2%2Fcomments&post=162"}],"version-history":[{"count":46,"href":"https:\/\/blog.quarta.com.br\/index.php?rest_route=\/wp\/v2\/posts\/162\/revisions"}],"predecessor-version":[{"id":276,"href":"https:\/\/blog.quarta.com.br\/index.php?rest_route=\/wp\/v2\/posts\/162\/revisions\/276"}],"wp:attachment":[{"href":"https:\/\/blog.quarta.com.br\/index.php?rest_route=%2Fwp%2Fv2%2Fmedia&parent=162"}],"wp:term":[{"taxonomy":"category","embeddable":true,"href":"https:\/\/blog.quarta.com.br\/index.php?rest_route=%2Fwp%2Fv2%2Fcategories&post=162"},{"taxonomy":"post_tag","embeddable":true,"href":"https:\/\/blog.quarta.com.br\/index.php?rest_route=%2Fwp%2Fv2%2Ftags&post=162"}],"curies":[{"name":"wp","href":"https:\/\/api.w.org\/{rel}","templated":true}]}}