{"id":1925,"date":"2013-09-16T15:08:10","date_gmt":"2013-09-16T18:08:10","guid":{"rendered":"http:\/\/blog.quarta.com.br\/?p=1925"},"modified":"2013-09-16T15:11:39","modified_gmt":"2013-09-16T18:11:39","slug":"grrf-nova-versao-em-11092013","status":"publish","type":"post","link":"https:\/\/blog.quarta.com.br\/?p=1925","title":{"rendered":"GRRF \u2013 Nova vers\u00e3o em 11\/09\/2013"},"content":{"rendered":"<p><span style=\"font-family: Verdana; font-size: 10pt;\">CAIXA ECON\u00d4MICA FEDERAL<br \/>\n<\/span><\/p>\n<p><span style=\"font-family: Verdana; font-size: 10pt;\">SUPERINTEND\u00caNCIA NACIONAL DO FGTS<br \/>\n<\/span><\/p>\n<p><a href=\"http:\/\/www1.caixa.gov.br\/download\/asp\/ent_hist.asp?download=60223\"><span style=\"font-family: Verdana; font-size: 10pt;\"><strong>AVISO<\/strong><\/span><\/a><span style=\"font-family: Verdana; font-size: 10pt;\"><strong><br \/>\n<\/strong><\/span><\/p>\n<p><span style=\"font-family: Verdana; font-size: 10pt;\"> A Caixa Econ\u00f4mica Federal, na qualidade de Agente Operador do Fundo de Garantia do Tempo de Servi\u00e7o \u2013 FGTS, no uso das atribui\u00e7\u00f5es que lhe s\u00e3o conferidas pelo inciso II, do artigo 7\u00ba, da Lei n.\u00ba 8.036\/90, de 11\/05\/1990, divulga a publica\u00e7\u00e3o da nova vers\u00e3o do aplicativo cliente GRRF, com as altera\u00e7\u00f5es a seguir:<br \/>\n<\/span><\/p>\n<p style=\"margin-left: 36pt;\"><span style=\"font-family: Verdana; font-size: 10pt;\"><strong>Vers\u00e3o AR (Vers\u00e3o 2.7) e ICP (Vers\u00e3o 3.3.8):<br \/>\n<\/strong><\/span><\/p>\n<p style=\"margin-left: 36pt;\"><span style=\"font-family: Verdana; font-size: 10pt;\">1. Altera\u00e7\u00e3o do limite da faixa do PIS para abranger n\u00fameros at\u00e9 29999999999;<br \/>\n<\/span><\/p>\n<p style=\"margin-left: 36pt;\"><span style=\"font-family: Verdana; font-size: 10pt;\"><strong>Exclusivo vers\u00e3o ICP (Vers\u00e3o 3.3.8):<br \/>\n<\/strong><\/span><\/p>\n<p style=\"margin-left: 36pt;\"><span style=\"font-family: Verdana; font-size: 10pt;\">2. Ajustes para recolhimento da multa rescis\u00f3ria do Diretor n\u00e3o empregado.<br \/>\n<\/span><\/p>\n<p><span style=\"font-family: Verdana; font-size: 10pt;\">11 de setembro de 2013<br \/>\n<\/span><\/p>\n<p><span style=\"font-family: Verdana; font-size: 10pt;\">SAVIO MARCOS GARBIN<br \/>\nSuperintendente Nacional &#8211; EE<br \/>\nSuperintend\u00eancia Nacional do FGTS<br \/>\n<\/span><\/p>\n<p>&nbsp;<\/p>\n<p><span style=\"font-family: Verdana; font-size: 10pt;\"><span style=\"background-color: yellow;\"><strong>OBS:<\/strong><\/span> A GRRF 3.3.8 e GRRF 2.7 tamb\u00e9m est\u00e3o dispon\u00edveis para download no site da Quarta Inform\u00e1tica:<br \/>\n<a href=\"http:\/\/quarta.com.br\/downloads\/governo.aspx#sefip\">http:\/\/quarta.com.br\/downloads\/governo.aspx#sefip<\/a><br \/>\n<\/span><\/p>\n<p>&nbsp;<\/p>\n<p><span style=\"font-family: Verdana; font-size: 10pt;\"><br \/>\n<\/span><\/p>\n","protected":false},"excerpt":{"rendered":"<p>CAIXA ECON\u00d4MICA FEDERAL SUPERINTEND\u00caNCIA NACIONAL DO FGTS AVISO A Caixa Econ\u00f4mica Federal, na qualidade de Agente Operador do Fundo de Garantia do Tempo de Servi\u00e7o \u2013 FGTS, no uso das atribui\u00e7\u00f5es que lhe s\u00e3o conferidas pelo inciso II, do artigo 7\u00ba, da Lei n.\u00ba 8.036\/90, de 11\/05\/1990, divulga a publica\u00e7\u00e3o da nova vers\u00e3o do aplicativo &#8230;<a class=\"post-readmore\" href=\"https:\/\/blog.quarta.com.br\/?p=1925\">read more<\/a><\/p>\n","protected":false},"author":3,"featured_media":0,"comment_status":"open","ping_status":"open","sticky":false,"template":"","format":"standard","meta":{"footnotes":""},"categories":[11],"tags":[165,168,61,170,89,111,63],"class_list":["post-1925","post","type-post","status-publish","format-standard","hentry","category-cef","tag-aplicativos-do-governo","tag-cef","tag-conectividade-social","tag-fgts","tag-grrf","tag-grrf-icp","tag-icp"],"_links":{"self":[{"href":"https:\/\/blog.quarta.com.br\/index.php?rest_route=\/wp\/v2\/posts\/1925","targetHints":{"allow":["GET"]}}],"collection":[{"href":"https:\/\/blog.quarta.com.br\/index.php?rest_route=\/wp\/v2\/posts"}],"about":[{"href":"https:\/\/blog.quarta.com.br\/index.php?rest_route=\/wp\/v2\/types\/post"}],"author":[{"embeddable":true,"href":"https:\/\/blog.quarta.com.br\/index.php?rest_route=\/wp\/v2\/users\/3"}],"replies":[{"embeddable":true,"href":"https:\/\/blog.quarta.com.br\/index.php?rest_route=%2Fwp%2Fv2%2Fcomments&post=1925"}],"version-history":[{"count":3,"href":"https:\/\/blog.quarta.com.br\/index.php?rest_route=\/wp\/v2\/posts\/1925\/revisions"}],"predecessor-version":[{"id":1928,"href":"https:\/\/blog.quarta.com.br\/index.php?rest_route=\/wp\/v2\/posts\/1925\/revisions\/1928"}],"wp:attachment":[{"href":"https:\/\/blog.quarta.com.br\/index.php?rest_route=%2Fwp%2Fv2%2Fmedia&parent=1925"}],"wp:term":[{"taxonomy":"category","embeddable":true,"href":"https:\/\/blog.quarta.com.br\/index.php?rest_route=%2Fwp%2Fv2%2Fcategories&post=1925"},{"taxonomy":"post_tag","embeddable":true,"href":"https:\/\/blog.quarta.com.br\/index.php?rest_route=%2Fwp%2Fv2%2Ftags&post=1925"}],"curies":[{"name":"wp","href":"https:\/\/api.w.org\/{rel}","templated":true}]}}