{"id":1986,"date":"2014-02-05T16:29:13","date_gmt":"2014-02-05T19:29:13","guid":{"rendered":"http:\/\/blog.quarta.com.br\/?p=1986"},"modified":"2014-02-06T11:01:56","modified_gmt":"2014-02-06T14:01:56","slug":"sefip-erro-na-base-de-calculo-do-13o-salario-da-previdencia-social-referente-a-competencia-do-movimento-menos-de-15-dias-trabalhados","status":"publish","type":"post","link":"https:\/\/blog.quarta.com.br\/?p=1986","title":{"rendered":"SEFIP: Erro na \u201cBase de C\u00e1lculo do 13\u00ba Sal\u00e1rio da Previd\u00eancia Social: Referente \u00e0 Compet\u00eancia do Movimento\u201d (menos de 15 dias trabalhados)"},"content":{"rendered":"<p><span style=\"font-family: Verdana; font-size: 10pt;\">De acordo com o suporte obtido junto a Central de Atendimento da CEF, o validador do sistema SEFIP n\u00e3o est\u00e1 preparado para receber conte\u00fado no campo <strong>Base de C\u00e1lculo do 13\u00ba Sal\u00e1rio da Previd\u00eancia Social: Referente \u00e0 Compet\u00eancia do Movimento<\/strong> quando a data de desligamento \u00e9 menor que 15.<br \/>\n<\/span><\/p>\n<p><img decoding=\"async\" alt=\"\" src=\"http:\/\/blog.quarta.com.br\/wp-content\/uploads\/2014\/02\/020514_1929_SEFIPErrona1.png\" \/><span style=\"font-family: Verdana; font-size: 10pt;\"><br \/>\n<\/span><\/p>\n<p><span style=\"color: black; font-family: Verdana; font-size: 10pt;\">Nesse caso, a sugest\u00e3o foi alterar em Cadastro a Ocorr\u00eancia do trabalhador para 05-M\u00faltiplos v\u00ednculos, em seguida, em Movimento deixar essa campo zerado (0,00) e incluir o valor total de INSS Valor Descontado do Segurado.<br \/>\n<\/span><\/p>\n<p><span style=\"color: black; font-family: Verdana; font-size: 10pt;\"><a href=\"http:\/\/blog.quarta.com.br\/wp-content\/uploads\/2014\/02\/Sefip15Dias-2.jpg\"><img loading=\"lazy\" decoding=\"async\" class=\"alignnone size-full wp-image-1988\" alt=\"Sefip15Dias-2\" src=\"http:\/\/blog.quarta.com.br\/wp-content\/uploads\/2014\/02\/Sefip15Dias-2.jpg\" width=\"882\" height=\"580\" srcset=\"https:\/\/blog.quarta.com.br\/wp-content\/uploads\/2014\/02\/Sefip15Dias-2.jpg 882w, https:\/\/blog.quarta.com.br\/wp-content\/uploads\/2014\/02\/Sefip15Dias-2-300x197.jpg 300w\" sizes=\"auto, (max-width: 882px) 100vw, 882px\" \/><\/a><br \/>\n<\/span><\/p>\n<p><a href=\"http:\/\/blog.quarta.com.br\/wp-content\/uploads\/2014\/02\/Sefip15Dias-31.jpg\"><img loading=\"lazy\" decoding=\"async\" class=\"alignnone size-full wp-image-1990\" alt=\"Sefip15Dias-3\" src=\"http:\/\/blog.quarta.com.br\/wp-content\/uploads\/2014\/02\/Sefip15Dias-31.jpg\" width=\"886\" height=\"636\" srcset=\"https:\/\/blog.quarta.com.br\/wp-content\/uploads\/2014\/02\/Sefip15Dias-31.jpg 886w, https:\/\/blog.quarta.com.br\/wp-content\/uploads\/2014\/02\/Sefip15Dias-31-300x215.jpg 300w\" sizes=\"auto, (max-width: 886px) 100vw, 886px\" \/><\/a><\/p>\n<p><span style=\"color: black; font-family: Verdana; font-size: 10pt;\">Ap\u00f3s ajustar essas informa\u00e7\u00f5es no sistema SEFIP, para os funcion\u00e1rios desligados com mesmo de 15 dias de saldo de sal\u00e1rio, simule o Fechamento e confira os resultados.<br \/>\n<\/span><\/p>\n<p><span style=\"color: black; font-family: Verdana; font-size: 10pt;\"><strong>OBS:<\/strong> Conv\u00eam confirmar essa instru\u00e7\u00e3o junto \u00e0 Central de Atendimento da CEF atrav\u00e9s do telefone 3004-1104 \u2013 Op\u00e7\u00f5es 3 &gt; 2 &gt; 1.<\/span><\/p>\n","protected":false},"excerpt":{"rendered":"<p>De acordo com o suporte obtido junto a Central de Atendimento da CEF, o validador do sistema SEFIP n\u00e3o est\u00e1 preparado para receber conte\u00fado no campo Base de C\u00e1lculo do 13\u00ba Sal\u00e1rio da Previd\u00eancia Social: Referente \u00e0 Compet\u00eancia do Movimento quando a data de desligamento \u00e9 menor que 15. Nesse caso, a sugest\u00e3o foi alterar &#8230;<a class=\"post-readmore\" href=\"https:\/\/blog.quarta.com.br\/?p=1986\">read more<\/a><\/p>\n","protected":false},"author":3,"featured_media":0,"comment_status":"open","ping_status":"open","sticky":false,"template":"","format":"standard","meta":{"footnotes":""},"categories":[42],"tags":[168,118,169,119],"class_list":["post-1986","post","type-post","status-publish","format-standard","hentry","category-sefip","tag-cef","tag-erro-no-sefip","tag-sefip","tag-sefip-erro-300550"],"_links":{"self":[{"href":"https:\/\/blog.quarta.com.br\/index.php?rest_route=\/wp\/v2\/posts\/1986","targetHints":{"allow":["GET"]}}],"collection":[{"href":"https:\/\/blog.quarta.com.br\/index.php?rest_route=\/wp\/v2\/posts"}],"about":[{"href":"https:\/\/blog.quarta.com.br\/index.php?rest_route=\/wp\/v2\/types\/post"}],"author":[{"embeddable":true,"href":"https:\/\/blog.quarta.com.br\/index.php?rest_route=\/wp\/v2\/users\/3"}],"replies":[{"embeddable":true,"href":"https:\/\/blog.quarta.com.br\/index.php?rest_route=%2Fwp%2Fv2%2Fcomments&post=1986"}],"version-history":[{"count":5,"href":"https:\/\/blog.quarta.com.br\/index.php?rest_route=\/wp\/v2\/posts\/1986\/revisions"}],"predecessor-version":[{"id":1994,"href":"https:\/\/blog.quarta.com.br\/index.php?rest_route=\/wp\/v2\/posts\/1986\/revisions\/1994"}],"wp:attachment":[{"href":"https:\/\/blog.quarta.com.br\/index.php?rest_route=%2Fwp%2Fv2%2Fmedia&parent=1986"}],"wp:term":[{"taxonomy":"category","embeddable":true,"href":"https:\/\/blog.quarta.com.br\/index.php?rest_route=%2Fwp%2Fv2%2Fcategories&post=1986"},{"taxonomy":"post_tag","embeddable":true,"href":"https:\/\/blog.quarta.com.br\/index.php?rest_route=%2Fwp%2Fv2%2Ftags&post=1986"}],"curies":[{"name":"wp","href":"https:\/\/api.w.org\/{rel}","templated":true}]}}