{"id":2121,"date":"2014-10-03T17:10:11","date_gmt":"2014-10-03T20:10:11","guid":{"rendered":"http:\/\/blog.quarta.com.br\/?p=2121"},"modified":"2014-10-03T17:17:13","modified_gmt":"2014-10-03T20:17:13","slug":"2121","status":"publish","type":"post","link":"https:\/\/blog.quarta.com.br\/?p=2121","title":{"rendered":"CAGED: NOVAS REGRAS PARA DECLARA\u00c7\u00c3O (Portaria 1.129\/14 \u2013 texto atualizado em 01\/10\/14)"},"content":{"rendered":"<p><span style=\"color: black; font-family: Verdana; font-size: 10pt;\"><strong>PORTARIA 1.129 DE 23 DE JULHO DE 2014 &#8211; NOVAS REGRAS PARA DECLARA\u00c7\u00c3O DO CAGED (atualizado em 01\/10\/2014)<br \/>\n<\/strong><\/span><\/p>\n<p>&nbsp;<\/p>\n<p><span style=\"color: black; font-family: Verdana; font-size: 10pt;\"><strong>Orienta\u00e7\u00f5es:<br \/>\n<\/strong><\/span><\/p>\n<p>&nbsp;<\/p>\n<p><span style=\"color: black; font-family: Verdana; font-size: 10pt;\">1) <strong>Inicio do per\u00edodo da declara\u00e7\u00e3o : <span style=\"color: red;\">01 de Outubro de 2014<br \/>\n<\/span><\/strong><\/span><\/p>\n<p>&nbsp;<\/p>\n<p><span style=\"color: black; font-family: Verdana; font-size: 10pt;\">2) <strong>O que deve ser enviado: <\/strong>As Admiss\u00f5es de que trata a Portaria 1.129\/2014, referentes ao dia da admiss\u00e3o<strong>.<br \/>\n<\/strong><\/span><\/p>\n<p>&nbsp;<\/p>\n<p><span style=\"color: black; font-family: Verdana; font-size: 10pt;\">3) <strong>Como declarar: <\/strong>Utilizar o layout dispon\u00edvel j\u00e1 utilizado do CAGED, dispon\u00edvel no endere\u00e7o <a href=\"https:\/\/granulito.mte.gov.br\/portalcaged\/paginas\/layout\/TL_layout.xhtml\">https:\/\/granulito.mte.gov.br\/portalcaged\/paginas\/layout\/TL_layout.xhtml<\/a><span style=\"color: blue;\"><br \/>\n<\/span><\/span><\/p>\n<p><span style=\"color: black; font-family: Verdana; font-size: 10pt;\">ou ainda pelos aplicativos ACI ou FEC. <span style=\"color: red;\"><strong>As demais orienta\u00e7\u00f5es de preenchimento permanecem as mesmas.<br \/>\n<\/strong><\/span><\/span><\/p>\n<p>&nbsp;<\/p>\n<p><span style=\"color: black; font-family: Verdana; font-size: 10pt;\">4) <strong>Onde declarar: <\/strong>Nos endere\u00e7os do Analisador WEB:<br \/>\n<\/span><\/p>\n<p><a href=\"https:\/\/granulito.mte.gov.br\/portalcaged\/paginas\/recepcao\/TL_020_AnalisarArquivoWeb.xhtml\"><span style=\"font-family: Verdana; font-size: 10pt;\">https:\/\/granulito.mte.gov.br\/portalcaged\/paginas\/recepcao\/TL_020_AnalisarArquivoWeb.xhtml<\/span><\/a><span style=\"color: black; font-family: Verdana; font-size: 10pt;\">,<br \/>\n<\/span><\/p>\n<p><span style=\"color: black; font-family: Verdana; font-size: 10pt;\">Transmissor WEB: <span style=\"color: blue;\">https:\/\/granulito.mte.gov.br\/portalcaged\/paginas\/recepcao\/TL_022_TransmitirArquivoWeb.xhtml <span style=\"color: black;\">.<br \/>\n<\/span><\/span><\/span><\/p>\n<p><span style=\"color: black; font-family: Verdana; font-size: 10pt;\">O sistema de recep\u00e7\u00e3o do CAGED estar\u00e1 vis\u00edvel somente uma compet\u00eancia &#8220;X&#8221;, por\u00e9m ser\u00e1 permitido envio das admiss\u00f5es da compet\u00eancia &#8220;X+1&#8221;.<br \/>\n<\/span><\/p>\n<p><span style=\"color: black; font-family: Verdana; font-size: 10pt;\">Ex. a compet\u00eancia aberta \u00e9 a 09\/2014 (X), por\u00e9m arquivos com as admiss\u00f5es da compet\u00eancia 10\/2014 ser\u00e3o aceitas (X+1).<br \/>\n<\/span><\/p>\n<p><span style=\"color: black; font-family: Verdana; font-size: 10pt;\">No FEC, endere\u00e7o: <a href=\"https:\/\/granulito.mte.gov.br\/portalcaged\/paginas\/fec\/TL_FEC_Inicial.xhtml\">https:\/\/granulito.mte.gov.br\/portalcaged\/paginas\/fec\/TL_FEC_Inicial.xhtml<\/a><span style=\"color: blue;\"><br \/>\n<span style=\"color: black;\">o usu\u00e1rio ter\u00e1 de escolher qual compet\u00eancia quer enviar a declara\u00e7\u00e3o.<br \/>\n<\/span><\/span><\/span><\/p>\n<p>&nbsp;<\/p>\n<p><span style=\"color: black; font-family: Verdana; font-size: 10pt;\"><strong>IMPORTANTE:<br \/>\n<\/strong><\/span><\/p>\n<p>&nbsp;<\/p>\n<ol>\n<li><span style=\"color: black; font-family: Verdana; font-size: 10pt;\">Em 12 de agosto de 2014 ter\u00e1 inicio o envio <strong>OPCIONAL <\/strong>das Admiss\u00f5es, de que trata a Portaria 1.129\/2014. Excepcionalmente neste dia poder\u00e3o ser enviadas as admiss\u00f5es relativas ao per\u00edodo de 1 a 11 de agosto e do dia 12 de agosto de 2014. A partir do dia 13 de agosto somente as admiss\u00f5es no dia da admiss\u00e3o;\n<p><\/span><\/li>\n<li><span style=\"color: black; font-family: Verdana; font-size: 10pt;\"><span style=\"background-color: yellow;\">a admiss\u00e3o do trabalhador em percep\u00e7\u00e3o do Seguro-Desemprego <strong>SOMENTE <\/strong>deve ser enviada no mesmo dia da data de admiss\u00e3o ap\u00f3s o trabalhador ter entrado <strong>EFETIVAMENTE <\/strong>em atividade;<\/span>\n<p><\/span><\/li>\n<li><span style=\"color: black; font-family: Verdana; font-size: 10pt;\">as empresas poder\u00e3o optar pelo envio das demais admiss\u00f5es e desligamentos da mesma compet\u00eancia, juntamente com as admiss\u00f5es de que trata a Portaria 1.129\/2014 ou at\u00e9 o dia sete do m\u00eas subsequente;\n<p><\/span><\/li>\n<li><span style=\"color: black; font-family: Verdana; font-size: 10pt;\">as empresas dever\u00e3o ajustar a gera\u00e7\u00e3o do arquivo da declara\u00e7\u00e3o das movimenta\u00e7\u00f5es do CAGED de mensal para arquivo di\u00e1rio, ou seja<span style=\"background-color: yellow;\">, n\u00e3o ser\u00e1 permitido o envio de informa\u00e7\u00f5es j\u00e1 declaradas em dias anteriores;<\/span>\n<p><\/span><\/li>\n<li><span style=\"color: black; font-family: Verdana; font-size: 10pt;\">o instrumento para cancelamento da declara\u00e7\u00e3o de admiss\u00e3o de que trata a Portaria, caso seja necess\u00e1rio, \u00e9 o mesmo utilizado atualmente para corrigir uma informa\u00e7\u00e3o enviada incorretamente, ou seja, pelo layout do <strong>CAGED Acerto<\/strong>, com o campo &#8220;<strong>tipo de atualiza\u00e7\u00e3o<\/strong>&#8221; igual a &#8220;<strong>Exclus\u00e3o de Registro<\/strong>&#8220;;\n<p><\/span><\/li>\n<li><span style=\"color: black; font-family: Verdana; font-size: 10pt;\">dever\u00e1 ser informado no campo &#8220;<strong>Total de empregados no m\u00eas &#8211; Primeiro dia<\/strong>&#8221; o n\u00famero real de empregados do m\u00eas da admiss\u00e3o de que trata Portaria. Ex. Data de admiss\u00e3o do trabalhador \u00e9 05\/MM\/2014, assim no campo total de empregados dever\u00e1 conter o total de empregados no primeiro dia do m\u00eas &#8220;MM&#8221;. Este n\u00famero dever\u00e1 constar em todos os arquivos enviados no m\u00eas, inclusive nos de Acerto, conforme orienta\u00e7\u00e3o atual;\n<p><\/span><\/li>\n<li><span style=\"color: black; font-family: Verdana; font-size: 10pt;\">o campo compet\u00eancia de declara\u00e7\u00e3o do arquivo do CAGED, que conter\u00e1 as admiss\u00f5es di\u00e1rias de que trata a Portaria 1.129\/2014, dever\u00e1 ser preenchido com a mesma compet\u00eancia das referidas admiss\u00f5es. Ex. Se admiss\u00e3o 05\/MM\/2014 ter\u00e1 como compet\u00eancia do arquivo o m\u00eas MM\/2014.<br \/>\n<\/span><\/li>\n<\/ol>\n<p>&nbsp;<\/p>\n<p><span style=\"color: black; font-family: Verdana; font-size: 10pt;\">5) <strong>Como consultar o trabalhador<\/strong>: Para a realiza\u00e7\u00e3o de consulta a situa\u00e7\u00e3o de trabalhadores que est\u00e3o requerendo ou em percep\u00e7\u00e3o do benef\u00edcio Seguro- Desemprego os empregadores dever\u00e3o acessar o s\u00edtio &#8220;maisemprego.mte.gov.br&#8221;, consulta &#8220;menu \u2013 Trabalhador&#8221;, na aba &#8220;Seguro-Desemprego&#8221;. <strong><br \/>\n<\/strong><\/span><\/p>\n<p><a href=\"http:\/\/blog.quarta.com.br\/wp-content\/uploads\/2014\/10\/Novo-Caged.jpg\"><img loading=\"lazy\" decoding=\"async\" class=\"alignnone size-full wp-image-2124\" src=\"http:\/\/blog.quarta.com.br\/wp-content\/uploads\/2014\/10\/Novo-Caged.jpg\" alt=\"Novo Caged\" width=\"1016\" height=\"630\" srcset=\"https:\/\/blog.quarta.com.br\/wp-content\/uploads\/2014\/10\/Novo-Caged.jpg 1016w, https:\/\/blog.quarta.com.br\/wp-content\/uploads\/2014\/10\/Novo-Caged-300x186.jpg 300w\" sizes=\"auto, (max-width: 1016px) 100vw, 1016px\" \/><\/a><\/p>\n<p><span style=\"color: black; font-family: Verdana; font-size: 10pt;\">6) <strong>Novidades: <\/strong>Ser\u00e1 disponibilizado atualiza\u00e7\u00e3o do Aplicativo do CAGED Informatizado &#8211; ACI at\u00e9 o final do m\u00eas de setembro de 2014, que tratar\u00e1 o arquivo gerado das movimenta\u00e7\u00f5es di\u00e1rias pelas empresas.<br \/>\n<\/span><\/p>\n<p>&nbsp;<\/p>\n<p><span style=\"color: black; font-family: Verdana; font-size: 10pt;\">7) A portaria 768\/2014 foi revogada, tornando-a sem efeito, desde a sua publica\u00e7\u00e3o com intuito de proporcionar maior prazo de adequa\u00e7\u00e3o para as empresas, conforme PORTARIA N\u00ba 1.262, DE 6 DE AGOSTO DE 2014, publicada no DOU de 07.08.2014, se\u00e7\u00e3o2, p\u00e1g. 57.<br \/>\n<\/span><\/p>\n<p>&nbsp;<\/p>\n<p><span style=\"color: black; font-family: Verdana; font-size: 10pt;\">8) Esclarecemos, ainda, que a obrigatoriedade do envio da declara\u00e7\u00e3o CAGED com <strong>Certifica\u00e7\u00e3o Digital<\/strong>, conforme Arts 3\u00ba e 4\u00ba da Portaria 1.129, ainda permanece de forma <strong>OPCIONAL <\/strong>devido a problemas t\u00e9cnicos do Portal CAGED.<br \/>\n<\/span><\/p>\n<p>&nbsp;<\/p>\n<p><span style=\"color: black; font-family: Verdana; font-size: 10pt;\">Bras\u00edlia, 01 de outubro de 2014.<br \/>\n<\/span><\/p>\n<p><span style=\"color: black; font-family: Verdana; font-size: 10pt;\">Minist\u00e9rio do Trabalho e Emprego<br \/>\n<\/span><\/p>\n<p><span style=\"color: black; font-family: Verdana; font-size: 10pt;\"><strong>Fonte:<\/strong> Porta CAGED \u2013 <a href=\"https:\/\/granulito.mte.gov.br\/portalcaged\/paginas\/home\/home.xhtml\">Orienta\u00e7\u00f5es_1129<\/a><br \/>\n<\/span><\/p>\n","protected":false},"excerpt":{"rendered":"<p>PORTARIA 1.129 DE 23 DE JULHO DE 2014 &#8211; NOVAS REGRAS PARA DECLARA\u00c7\u00c3O DO CAGED (atualizado em 01\/10\/2014) &nbsp; Orienta\u00e7\u00f5es: &nbsp; 1) Inicio do per\u00edodo da declara\u00e7\u00e3o : 01 de Outubro de 2014 &nbsp; 2) O que deve ser enviado: As Admiss\u00f5es de que trata a Portaria 1.129\/2014, referentes ao dia da admiss\u00e3o. &nbsp; 3) &#8230;<a class=\"post-readmore\" href=\"https:\/\/blog.quarta.com.br\/?p=2121\">read more<\/a><\/p>\n","protected":false},"author":3,"featured_media":0,"comment_status":"open","ping_status":"open","sticky":false,"template":"","format":"standard","meta":{"footnotes":""},"categories":[87],"tags":[36,127],"class_list":["post-2121","post","type-post","status-publish","format-standard","hentry","category-cagedaci","tag-caged","tag-portaria-no-1-1292014"],"_links":{"self":[{"href":"https:\/\/blog.quarta.com.br\/index.php?rest_route=\/wp\/v2\/posts\/2121","targetHints":{"allow":["GET"]}}],"collection":[{"href":"https:\/\/blog.quarta.com.br\/index.php?rest_route=\/wp\/v2\/posts"}],"about":[{"href":"https:\/\/blog.quarta.com.br\/index.php?rest_route=\/wp\/v2\/types\/post"}],"author":[{"embeddable":true,"href":"https:\/\/blog.quarta.com.br\/index.php?rest_route=\/wp\/v2\/users\/3"}],"replies":[{"embeddable":true,"href":"https:\/\/blog.quarta.com.br\/index.php?rest_route=%2Fwp%2Fv2%2Fcomments&post=2121"}],"version-history":[{"count":3,"href":"https:\/\/blog.quarta.com.br\/index.php?rest_route=\/wp\/v2\/posts\/2121\/revisions"}],"predecessor-version":[{"id":2125,"href":"https:\/\/blog.quarta.com.br\/index.php?rest_route=\/wp\/v2\/posts\/2121\/revisions\/2125"}],"wp:attachment":[{"href":"https:\/\/blog.quarta.com.br\/index.php?rest_route=%2Fwp%2Fv2%2Fmedia&parent=2121"}],"wp:term":[{"taxonomy":"category","embeddable":true,"href":"https:\/\/blog.quarta.com.br\/index.php?rest_route=%2Fwp%2Fv2%2Fcategories&post=2121"},{"taxonomy":"post_tag","embeddable":true,"href":"https:\/\/blog.quarta.com.br\/index.php?rest_route=%2Fwp%2Fv2%2Ftags&post=2121"}],"curies":[{"name":"wp","href":"https:\/\/api.w.org\/{rel}","templated":true}]}}