{"id":2277,"date":"2016-01-06T10:44:21","date_gmt":"2016-01-06T13:44:21","guid":{"rendered":"http:\/\/blog.quarta.com.br\/?p=2277"},"modified":"2016-01-06T10:48:22","modified_gmt":"2016-01-06T13:48:22","slug":"simples-domestico-rescisao-de-contrato-receita-federal-orienta-sobre-demissao-de-empregados-no-esocial","status":"publish","type":"post","link":"https:\/\/blog.quarta.com.br\/?p=2277","title":{"rendered":"SIMPLES Dom\u00e9stico (Rescis\u00e3o de Contrato): Receita Federal orienta sobre demiss\u00e3o de empregados no eSocial"},"content":{"rendered":"<p><span style=\"font-family: Verdana; font-size: 10pt;\"><strong>Fonte:<\/strong><br \/>\n<a href=\"http:\/\/agenciabrasil.ebc.com.br\/geral\/noticia\/2016-01\/receita-federal-orienta-sobre-desligamento-de-empregados-no-esocial\" target=\"_blank\">EBC \u2013 Ag\u00eancia Brasil \u2013 em 04\/01\/2016 &#8211; <strong><br \/>\n<\/strong>Marcelo Brand\u00e3o<\/a> (Rep\u00f3rter da Ag\u00eancia Brasil)<strong><br \/>\n<\/strong><\/span><\/p>\n<p><span style=\"font-family: Verdana; font-size: 10pt;\">O eSocial, ferramenta que unifica o recolhimento dos tributos e demais encargos referentes ao trabalhador dom\u00e9stico, ainda carece de atualiza\u00e7\u00f5es importantes, como a op\u00e7\u00e3o de rescis\u00e3o do contrato de trabalho. A expectativa do governo federal era incluir essa funcionalidade para demiss\u00f5es no Simples Dom\u00e9stico, como tamb\u00e9m \u00e9 conhecido o eSocial, em dezembro do ano passado, o que acabou n\u00e3o ocorrendo.<br \/>\n<\/span><\/p>\n<p><span style=\"font-family: Verdana; font-size: 10pt;\">A empregada dom\u00e9stica Enilv\u00e2nia Tavares, que cumpriu aviso pr\u00e9vio at\u00e9 3 de dezembro, ainda aguarda a documenta\u00e7\u00e3o para dar entrada no seguro-desemprego. &#8220;Ainda n\u00e3o consegui dar entrada nem no FGTS [Fundo de Garantia do Tempo de Servi\u00e7o], nem no seguro-desemprego. E eu tenho direito, porque a minha patroa pagou [os encargos].&#8221;<br \/>\n<\/span><\/p>\n<p><span style=\"font-family: Verdana; font-size: 10pt;\">Ainda n\u00e3o h\u00e1 uma data definida para que seja inserida a op\u00e7\u00e3o de desligamento do empregado no eSocial. Para resolver provisoriamente a quest\u00e3o, a Receita Federal orienta o empregador a gerar a guia para recolhimento do FGTS (GRRF) no <a href=\"http:\/\/www.grfempregadodomestico.caixa.gov.br\/\"><span style=\"color: blue; text-decoration: underline;\"><em>site<\/em><\/span><\/a> da Caixa Econ\u00f4mica Federal.<br \/>\n<\/span><\/p>\n<p><span style=\"font-family: Verdana; font-size: 10pt;\">Na guia \u00fanica \u2013 Documento de Arrecada\u00e7\u00e3o do eSocial (DAE) \u2013 devem ser cobrados somente os tributos relativos \u00e0 rescis\u00e3o trabalhista (contribui\u00e7\u00e3o previdenci\u00e1ria, seguro contra acidentes de trabalho e Imposto de Renda, se for o caso). Para excluir os valores pagos a t\u00edtulo de FGTS nesse documento, o empregador deve editar o documento, conforme consta no <a href=\"http:\/\/www.esocial.gov.br\/doc\/Manual_eSocial_Empregador_Domestico_versao_1.3.pdf\"><span style=\"color: blue; text-decoration: underline;\"><em>Manual do eSocial<\/em><\/span><\/a> no item 4.1.4.1.<br \/>\n<\/span><\/p>\n<p><span style=\"font-family: Verdana; font-size: 10pt;\">A Receita Federal tamb\u00e9m informa que, no caso de empregados desligados no m\u00eas da folha de pagamentos, o valor final informado no campo Remunera\u00e7\u00e3o Mensal dever\u00e1 conter as seguintes verbas remunerat\u00f3rias relativas ao desligamento do empregado: saldo de sal\u00e1rios, d\u00e9cimo terceiro sal\u00e1rio proporcional, aviso pr\u00e9vio indenizado, d\u00e9cimo terceiro sal\u00e1rio sobre aviso pr\u00e9vio indenizado, horas extras, adicional noturno, adicional de horas trabalhadas em viagens, descanso semanal remunerado (DSR), sal\u00e1rio-maternidade, faltas, atrasos, desconto do DSR sobre faltas e atrasos e desconto do adiantamento do d\u00e9cimo terceiro sal\u00e1rio.<br \/>\n<\/span><\/p>\n<p><span style=\"font-family: Verdana; font-size: 10pt;\">No caso de haver outros empregados, aquele que foi desligado continuar\u00e1 aparecendo na folha de pagamento dos meses posteriores. O empregador dever\u00e1 informar R$ 0,00 como Remunera\u00e7\u00e3o Mensal desse trabalhador.<br \/>\n<\/span><\/p>\n<p><span style=\"font-family: Verdana; font-size: 10pt;\">No eSocial, o empregador recolhe, em documento \u00fanico, a contribui\u00e7\u00e3o previdenci\u00e1ria, o FGTS, o seguro contra acidentes de trabalho e a indeniza\u00e7\u00e3o compensat\u00f3ria (multa do FGTS), al\u00e9m do Imposto de Renda dos empregados que recebem acima da faixa de isen\u00e7\u00e3o (R$ 1.903,98).<br \/>\n<\/span><\/p>\n<p><span style=\"font-family: Verdana; font-size: 10pt;\">Edi\u00e7\u00e3o: <strong>N\u00e1dia Franco<\/strong><br \/>\n<\/span><\/p>\n<p>&nbsp;<\/p>\n<p>&nbsp;<\/p>\n<p><span style=\"font-family: Verdana; font-size: 10pt;\"><br \/>\n<\/span><\/p>\n","protected":false},"excerpt":{"rendered":"<p>Fonte: EBC \u2013 Ag\u00eancia Brasil \u2013 em 04\/01\/2016 &#8211; Marcelo Brand\u00e3o (Rep\u00f3rter da Ag\u00eancia Brasil) O eSocial, ferramenta que unifica o recolhimento dos tributos e demais encargos referentes ao trabalhador dom\u00e9stico, ainda carece de atualiza\u00e7\u00f5es importantes, como a op\u00e7\u00e3o de rescis\u00e3o do contrato de trabalho. A expectativa do governo federal era incluir essa funcionalidade para &#8230;<a class=\"post-readmore\" href=\"https:\/\/blog.quarta.com.br\/?p=2277\">read more<\/a><\/p>\n","protected":false},"author":3,"featured_media":0,"comment_status":"open","ping_status":"open","sticky":false,"template":"","format":"standard","meta":{"footnotes":""},"categories":[146],"tags":[147,173,137],"class_list":["post-2277","post","type-post","status-publish","format-standard","hentry","category-simples-domestico","tag-domesticos","tag-esocial","tag-rescisao"],"_links":{"self":[{"href":"https:\/\/blog.quarta.com.br\/index.php?rest_route=\/wp\/v2\/posts\/2277","targetHints":{"allow":["GET"]}}],"collection":[{"href":"https:\/\/blog.quarta.com.br\/index.php?rest_route=\/wp\/v2\/posts"}],"about":[{"href":"https:\/\/blog.quarta.com.br\/index.php?rest_route=\/wp\/v2\/types\/post"}],"author":[{"embeddable":true,"href":"https:\/\/blog.quarta.com.br\/index.php?rest_route=\/wp\/v2\/users\/3"}],"replies":[{"embeddable":true,"href":"https:\/\/blog.quarta.com.br\/index.php?rest_route=%2Fwp%2Fv2%2Fcomments&post=2277"}],"version-history":[{"count":2,"href":"https:\/\/blog.quarta.com.br\/index.php?rest_route=\/wp\/v2\/posts\/2277\/revisions"}],"predecessor-version":[{"id":2279,"href":"https:\/\/blog.quarta.com.br\/index.php?rest_route=\/wp\/v2\/posts\/2277\/revisions\/2279"}],"wp:attachment":[{"href":"https:\/\/blog.quarta.com.br\/index.php?rest_route=%2Fwp%2Fv2%2Fmedia&parent=2277"}],"wp:term":[{"taxonomy":"category","embeddable":true,"href":"https:\/\/blog.quarta.com.br\/index.php?rest_route=%2Fwp%2Fv2%2Fcategories&post=2277"},{"taxonomy":"post_tag","embeddable":true,"href":"https:\/\/blog.quarta.com.br\/index.php?rest_route=%2Fwp%2Fv2%2Ftags&post=2277"}],"curies":[{"name":"wp","href":"https:\/\/api.w.org\/{rel}","templated":true}]}}