{"id":2287,"date":"2016-02-24T10:53:07","date_gmt":"2016-02-24T13:53:07","guid":{"rendered":"http:\/\/blog.quarta.com.br\/?p=2287"},"modified":"2016-04-12T15:18:00","modified_gmt":"2016-04-12T18:18:00","slug":"seguro-desemprego-empregador-web-erro-na-importacao-do-arquivo-o-upload-do-arquivo-falhou-formato-de-arquivo-invalido","status":"publish","type":"post","link":"https:\/\/blog.quarta.com.br\/?p=2287","title":{"rendered":"Seguro Desemprego | Empregador WEB: erro na importa\u00e7\u00e3o do arquivo (O upload do arquivo falhou. Formato de arquivo inv\u00e1lido)"},"content":{"rendered":"<p><span style=\"font-family: Verdana; font-size: 10pt;\">Desde o dia 12\/02\/2016 at\u00e9 ontem a importa\u00e7\u00e3o do arquivo <strong>SeguroDesemprego.SD<\/strong> vinha apresentando falhas que impediam a finaliza\u00e7\u00e3o do processo e obrigava o usu\u00e1rio a incluir o requerimento manualmente.<br \/>\n<\/span><\/p>\n<p><span style=\"font-family: Verdana; font-size: 10pt;\">Mas hoje (24\/02) esse servi\u00e7o est\u00e1 aparentemente normalizado.<br \/>\n<\/span><\/p>\n<p><span style=\"font-family: Verdana; font-size: 10pt;\">De acordo com o suporte obtido junto \u00e0 Central de Atendimento do MTE (fone: 158) nos dias 12 e 22\/02, o site <a href=\"http:\/\/maisemprego.mte.gov.br\/portal\/pages\/empresa.xhtml\" target=\"_blank\">Portal Mais Emprego | Empregador WEB<\/a> est\u00e1 passando por altera\u00e7\u00f5es e talvez isso tenha gerado essa instabilidade.<br \/>\n<\/span><\/p>\n<p><span style=\"font-family: Verdana; font-size: 10pt;\">Equipe QuartaRH<\/span><\/p>\n","protected":false},"excerpt":{"rendered":"<p>Desde o dia 12\/02\/2016 at\u00e9 ontem a importa\u00e7\u00e3o do arquivo SeguroDesemprego.SD vinha apresentando falhas que impediam a finaliza\u00e7\u00e3o do processo e obrigava o usu\u00e1rio a incluir o requerimento manualmente. Mas hoje (24\/02) esse servi\u00e7o est\u00e1 aparentemente normalizado. De acordo com o suporte obtido junto \u00e0 Central de Atendimento do MTE (fone: 158) nos dias 12 &#8230;<a class=\"post-readmore\" href=\"https:\/\/blog.quarta.com.br\/?p=2287\">read more<\/a><\/p>\n","protected":false},"author":3,"featured_media":0,"comment_status":"open","ping_status":"open","sticky":false,"template":"","format":"standard","meta":{"footnotes":""},"categories":[123],"tags":[149,148,174,150],"class_list":["post-2287","post","type-post","status-publish","format-standard","hentry","category-seguro-desemprego","tag-empregador-web","tag-portal-mais-emprego","tag-seguro-desemprego","tag-seguro-desemprego-web"],"_links":{"self":[{"href":"https:\/\/blog.quarta.com.br\/index.php?rest_route=\/wp\/v2\/posts\/2287","targetHints":{"allow":["GET"]}}],"collection":[{"href":"https:\/\/blog.quarta.com.br\/index.php?rest_route=\/wp\/v2\/posts"}],"about":[{"href":"https:\/\/blog.quarta.com.br\/index.php?rest_route=\/wp\/v2\/types\/post"}],"author":[{"embeddable":true,"href":"https:\/\/blog.quarta.com.br\/index.php?rest_route=\/wp\/v2\/users\/3"}],"replies":[{"embeddable":true,"href":"https:\/\/blog.quarta.com.br\/index.php?rest_route=%2Fwp%2Fv2%2Fcomments&post=2287"}],"version-history":[{"count":3,"href":"https:\/\/blog.quarta.com.br\/index.php?rest_route=\/wp\/v2\/posts\/2287\/revisions"}],"predecessor-version":[{"id":2290,"href":"https:\/\/blog.quarta.com.br\/index.php?rest_route=\/wp\/v2\/posts\/2287\/revisions\/2290"}],"wp:attachment":[{"href":"https:\/\/blog.quarta.com.br\/index.php?rest_route=%2Fwp%2Fv2%2Fmedia&parent=2287"}],"wp:term":[{"taxonomy":"category","embeddable":true,"href":"https:\/\/blog.quarta.com.br\/index.php?rest_route=%2Fwp%2Fv2%2Fcategories&post=2287"},{"taxonomy":"post_tag","embeddable":true,"href":"https:\/\/blog.quarta.com.br\/index.php?rest_route=%2Fwp%2Fv2%2Ftags&post=2287"}],"curies":[{"name":"wp","href":"https:\/\/api.w.org\/{rel}","templated":true}]}}