{"id":27,"date":"2010-09-01T10:30:36","date_gmt":"2010-09-01T13:30:36","guid":{"rendered":"http:\/\/blog.quarta.com.br\/?p=27"},"modified":"2010-10-21T16:57:01","modified_gmt":"2010-10-21T19:57:01","slug":"suporte-quarta-fap","status":"publish","type":"post","link":"https:\/\/blog.quarta.com.br\/?p=27","title":{"rendered":"FAP (Fator Acident\u00e1rio de Preven\u00e7\u00e3o) &#8211; Mudan\u00e7as a partir de Setembro\/2010"},"content":{"rendered":"<p>O FAP, criado em 2003, foi reformulado em 2009 pelo Conselho Nacional de Previd\u00eancia Social (CNPS), para come\u00e7ar a ser aplicado em 2010 e em 31\/05\/2010, foi estabelecida uma nova metodologia com o objetivo de estimular cada empresa a investir no trabalho decente e na cultura da preven\u00e7\u00e3o acident\u00e1ria.<\/p>\n<p>Com essa nova medida, <strong>a partir de hoje (01\/09\/2010), passam a vigorar as seguintes modifica\u00e7\u00f5es:<\/strong><\/p>\n<ul>\n<li>As empresas brasileiras que n\u00e3o registrarem nenhum tipo de acidente ter\u00e3o al\u00edquotas do Seguro Acidente (de 1%, 2% ou 3%) reduzidas pela metade;<\/li>\n<li>A empresa que n\u00e3o apresentar notifica\u00e7\u00e3o de acidente ou doen\u00e7a de trabalho, comprovado a partir de fiscaliza\u00e7\u00e3o ter\u00e1 a al\u00edquota do Seguro Acidente dobrada. Essa mudan\u00e7a tem o objetivo de combater a subnotifica\u00e7\u00e3o de acidentes ou doen\u00e7as do trabalho.<\/li>\n<\/ul>\n<p><strong>Fonte:<\/strong> site da Previd\u00eancia Social \u2013 Not\u00edcias <a href=\"http:\/\/www.previdencia.gov.br\/vejaNoticia.php?id=38487\" target=\"_blank\">\u201dSa\u00fade e Seguran\u00e7a: mudan\u00e7as no FAP \u2013 01\/06\/2010<\/a> \u00e0s 13:14 hs\u201d.<\/p>\n<p><strong>FAP no m\u00f3dulo de Folha de Pagamento Quarta RH:<\/strong> esse fator deve ser registrado em \u2018Tabelas | Empresas\u2019 na guia \u2018INSS\u2019:<\/p>\n<p><a href=\"http:\/\/blog.quarta.com.br\/wp-content\/uploads\/2010\/09\/Folha_FAP.gif\"><img loading=\"lazy\" decoding=\"async\" class=\"aligncenter size-full wp-image-28\" title=\"Folha_FAP\" src=\"http:\/\/blog.quarta.com.br\/wp-content\/uploads\/2010\/09\/Folha_FAP.gif\" alt=\"Folha_FAP\" width=\"600\" height=\"432\" srcset=\"https:\/\/blog.quarta.com.br\/wp-content\/uploads\/2010\/09\/Folha_FAP.gif 600w, https:\/\/blog.quarta.com.br\/wp-content\/uploads\/2010\/09\/Folha_FAP-300x216.gif 300w\" sizes=\"auto, (max-width: 600px) 100vw, 600px\" \/><\/a><\/p>\n<p><strong>OBS:<\/strong> As empresas Optantes pelo SIMPLES e matr\u00edcula CEI t\u00eam, por defini\u00e7\u00e3o, \u201cFAP = 1,00\u201d.<br \/>\nO FAP \u00e9 aplicado sobre o \u201c% RAT\u201d e o resultado corresponde ao percentual de contribui\u00e7\u00e3o de acidente de trabalho devido pela empresa.<\/p>\n<p><strong>FAP no sistema SEFIP:<\/strong> por enquanto, o &#8216;FAP&#8217; n\u00e3o ser\u00e1 exportado pela Folha de Pagamento para o sistema SEFIP porque a CEF ainda n\u00e3o disponibilizou essa op\u00e7\u00e3o. Sendo assim, essa informa\u00e7\u00e3o dever\u00e1 ser acrescentada manualmente dentro do sistema SEFIP, ap\u00f3s a importa\u00e7\u00e3o da Folha, na guia &#8216;Movimento&#8217;, clicando no nome da empresa para abrir o &#8216;Movimento de Empresa&#8217; e usando o bot\u00e3o &lt;Dados do Movimento&gt;.<\/p>\n<p><a href=\"http:\/\/blog.quarta.com.br\/wp-content\/uploads\/2010\/09\/SEFIP_FAP.gif\"><img loading=\"lazy\" decoding=\"async\" class=\"aligncenter size-full wp-image-29\" title=\"SEFIP_FAP\" src=\"http:\/\/blog.quarta.com.br\/wp-content\/uploads\/2010\/09\/SEFIP_FAP.gif\" alt=\"SEFIP_FAP\" width=\"600\" height=\"442\" srcset=\"https:\/\/blog.quarta.com.br\/wp-content\/uploads\/2010\/09\/SEFIP_FAP.gif 600w, https:\/\/blog.quarta.com.br\/wp-content\/uploads\/2010\/09\/SEFIP_FAP-300x221.gif 300w\" sizes=\"auto, (max-width: 600px) 100vw, 600px\" \/><\/a><\/p>\n<p>Veja mais detalhes nos seguintes endere\u00e7os:<\/p>\n<ul>\n<li>Site da Previd\u00eancia Social \u2013 FAP &#8211; <a href=\"http:\/\/www2.dataprev.gov.br\/fap\/fap.htm\" target=\"_blank\">Esclarecimentos<\/a><\/li>\n<li>Site da Receita Federal \u2013 FAP &#8211; <a href=\"http:\/\/www.receita.fazenda.gov.br\/Previdencia\/FAP.htm\" target=\"_blank\">Esclarecimentos<\/a><\/li>\n<li>Noticias Quarta RH &#8211; FAP \u2013 <a href=\"http:\/\/www.quarta.com.br\/diversos\/noticia.aspx?id=67\" target=\"_blank\">Orienta\u00e7\u00f5es para preenchimento do SEFIP<\/a><\/li>\n<\/ul>\n<p><strong>NOTA!<\/strong> Outras duas modifica\u00e7\u00f5es importantes foram aprovadas para entrar em vigor em 2011:<\/p>\n<ol>\n<li>Aumento da bonifica\u00e7\u00e3o das empresas que registram acidentalidade menor;<\/li>\n<li>Possibilidade de melhor distribui\u00e7\u00e3o do FAP entre as empresas com o mesmo n\u00famero de acidentes.<\/li>\n<\/ol>\n","protected":false},"excerpt":{"rendered":"<p>O FAP, criado em 2003, foi reformulado em 2009 pelo Conselho Nacional de Previd\u00eancia Social (CNPS), para come\u00e7ar a ser aplicado em 2010 e em 31\/05\/2010, foi estabelecida uma nova metodologia com o objetivo de estimular cada empresa a investir no trabalho decente e na cultura da preven\u00e7\u00e3o acident\u00e1ria. Com essa nova medida, a partir &#8230;<a class=\"post-readmore\" href=\"https:\/\/blog.quarta.com.br\/?p=27\">read more<\/a><\/p>\n","protected":false},"author":3,"featured_media":0,"comment_status":"open","ping_status":"open","sticky":false,"template":"","format":"standard","meta":{"footnotes":""},"categories":[7],"tags":[9,165,166,167,8],"class_list":["post-27","post","type-post","status-publish","format-standard","hentry","category-fap","tag-acidente-de-trabalho","tag-aplicativos-do-governo","tag-fap","tag-folha-de-pagamento","tag-previdencia-social"],"_links":{"self":[{"href":"https:\/\/blog.quarta.com.br\/index.php?rest_route=\/wp\/v2\/posts\/27","targetHints":{"allow":["GET"]}}],"collection":[{"href":"https:\/\/blog.quarta.com.br\/index.php?rest_route=\/wp\/v2\/posts"}],"about":[{"href":"https:\/\/blog.quarta.com.br\/index.php?rest_route=\/wp\/v2\/types\/post"}],"author":[{"embeddable":true,"href":"https:\/\/blog.quarta.com.br\/index.php?rest_route=\/wp\/v2\/users\/3"}],"replies":[{"embeddable":true,"href":"https:\/\/blog.quarta.com.br\/index.php?rest_route=%2Fwp%2Fv2%2Fcomments&post=27"}],"version-history":[{"count":19,"href":"https:\/\/blog.quarta.com.br\/index.php?rest_route=\/wp\/v2\/posts\/27\/revisions"}],"predecessor-version":[{"id":89,"href":"https:\/\/blog.quarta.com.br\/index.php?rest_route=\/wp\/v2\/posts\/27\/revisions\/89"}],"wp:attachment":[{"href":"https:\/\/blog.quarta.com.br\/index.php?rest_route=%2Fwp%2Fv2%2Fmedia&parent=27"}],"wp:term":[{"taxonomy":"category","embeddable":true,"href":"https:\/\/blog.quarta.com.br\/index.php?rest_route=%2Fwp%2Fv2%2Fcategories&post=27"},{"taxonomy":"post_tag","embeddable":true,"href":"https:\/\/blog.quarta.com.br\/index.php?rest_route=%2Fwp%2Fv2%2Ftags&post=27"}],"curies":[{"name":"wp","href":"https:\/\/api.w.org\/{rel}","templated":true}]}}