{"id":909,"date":"2011-04-26T15:31:33","date_gmt":"2011-04-26T18:31:33","guid":{"rendered":"http:\/\/blog.quarta.com.br\/?p=909"},"modified":"2011-05-19T15:33:20","modified_gmt":"2011-05-19T18:33:20","slug":"efd-social-antigos-efd-folha-ou-folha-digital","status":"publish","type":"post","link":"https:\/\/blog.quarta.com.br\/?p=909","title":{"rendered":"EFD-Social (antigos EFD-Folha ou Folha Digital)"},"content":{"rendered":"<p>Por esses dias, um de nossos clientes nos perguntou se t\u00ednhamos not\u00edcias a respeito da Folha digital. Me dei conta de que eu n\u00e3o tinha informa\u00e7\u00f5es suficientes para passar ao meu cliente e senti a necessidade de pesquisar o assunto mais a fundo para ficar mais por dentro da situa\u00e7\u00e3o. E desta pesquisa nasceu este <em>post<\/em>.<\/p>\n<p>De acordo com tudo que li, a inten\u00e7\u00e3o era que esse sistema, que j\u00e1 levou alguns t\u00edtulos, como e-FOPAG, folha digital, EFD-Folha e que, at\u00e9 a \u00faltima pesquisa estava com o nome de EFD-Social, fosse colocado em pr\u00e1tica no in\u00edcio do ano de 2011. No entanto, este prazo foi adiado para o in\u00edcio de 2012. Ao que tudo indica, ainda est\u00e3o havendo discuss\u00f5es com rela\u00e7\u00e3o ao layout que ser\u00e1 utilizado.<\/p>\n<p>O objetivo principal do EFD-Social \u00e9 a unifica\u00e7\u00e3o das informa\u00e7\u00f5es da Receita Federal, Minist\u00e9rio da Previd\u00eancia Social e Minist\u00e9rio do Trabalho, entre outros. Com a cria\u00e7\u00e3o desta ferramenta as altera\u00e7\u00f5es mais importantes ser\u00e3o:<\/p>\n<p>&#8211; Cria\u00e7\u00e3o da Folha digital, eliminando a obrigatoriedade da impress\u00e3o da Folha de Pagamento;<\/p>\n<p>&#8211; Elimina\u00e7\u00e3o dos arquivos de <a href=\"http:\/\/www.receita.fazenda.gov.br\/previdencia\/arquivosdigitais\/default.htm\" target=\"_blank\">MANAD <\/a>e <a href=\"http:\/\/www.receita.fazenda.gov.br\/legislacao\/ins\/2001\/in0862001.htm\" target=\"_blank\">IN86<\/a>;<\/p>\n<p>&#8211; Transmiss\u00e3o \u00fanica das informa\u00e7\u00f5es para <a href=\"http:\/\/www.mte.gov.br\/caged\/default.asp\" target=\"_blank\">CAGED<\/a>, <a href=\"http:\/\/www.rais.gov.br\/rais_sitio\/oque.asp\" target=\"_blank\">RAIS<\/a>, <a href=\"http:\/\/www.receita.fazenda.gov.br\/PessoaJuridica\/DIRF\/2011\/Perguntas\/default.htm\" target=\"_blank\">DIRF<\/a>, <a href=\"http:\/\/www.fgts.gov.br\/empregador\/grrf.asp\" target=\"_blank\">GRRF<\/a>, <a href=\"http:\/\/www.receita.fazenda.gov.br\/previdencia\/arquivosdigitais\/default.htm\" target=\"_blank\">MANAD<\/a>, <a href=\"http:\/\/www1.previdencia.gov.br\/pg_secundarias\/paginas_perfis\/perfil_Empregador_09.asp\" target=\"_blank\">GFIP <\/a>entre outros;<\/p>\n<p>&#8211; Cria\u00e7\u00e3o do Cadastro \u00danico de trabalhadores.<\/p>\n<p>(Clique no nome para obter mais informa\u00e7\u00f5es sobre cada um dos diferentes temas citados acima).<\/p>\n<p>O EFD-Social far\u00e1 parte do SPED (Sistema P\u00fablico de Escritura\u00e7\u00e3o Digital) que trata-se de um sistema eletr\u00f4nico de cruzamento de informa\u00e7\u00f5es, desenvolvido em conjunto pelas esferas estadual, municipal e federal.<\/p>\n<p>Hoje o SPED existe para as \u00e1reas <a href=\"http:\/\/www1.receita.fazenda.gov.br\/sped-contabil\/\" target=\"_blank\">cont\u00e1bil<\/a>, <a href=\"http:\/\/www1.receita.fazenda.gov.br\/sped-fiscal\/o-que-e.htm\" target=\"_blank\">fiscal <\/a>, <a href=\"http:\/\/www1.receita.fazenda.gov.br\/sped-fiscal-pis-cofins\/o-que-e.htm\" target=\"_blank\" target=\"_blank\" target=\"_blank\">PIS e Cofins<\/a>, <a href=\"http:\/\/www1.receita.fazenda.gov.br\/nfe\/default.htm\" target=\"_blank\">NF-e<\/a>, entre outros. Se o processo do EFD-Social for parecido com os citados anteriormente, ent\u00e3o imaginamos que vai funcionar mais ou menos assim: um sistema de Folha de Pagamento gerar\u00e1 as informa\u00e7\u00f5es que ser\u00e3o exportadas para um arquivo online do governo e este sistema online ir\u00e1 analisar estas informa\u00e7\u00f5es e gerar resultados.<\/p>\n<p>Ao que parece, todas as empresas\u00a0 dever\u00e3o participar deste processo: as de <a href=\"http:\/\/www.receita.fazenda.gov.br\/PessoaJuridica\/DIPJ\/2005\/PergResp2005\/pr242a264.htm\" target=\"_blank\">lucro real<\/a>, <a href=\"http:\/\/www.receita.fazenda.gov.br\/PessoaJuridica\/DIPJ\/2005\/PergResp2005\/pr517a555.htm\" target=\"_blank\">lucro presumido<\/a>, optantes pelo <a href=\"http:\/\/www.receita.fazenda.gov.br\/PessoaJuridica\/DIPJ\/2005\/PergResp2005\/pr108a200.htm\" target=\"_blank\" target=\"_blank\">SIMPLES <\/a>e at\u00e9 os <a href=\"http:\/\/www.portaldoempreendedor.gov.br\/modulos\/perguntas\/empreendedor.htm\" target=\"_blank\">MEI <\/a>(Microempreendedores Individuais).<\/p>\n<p>Assim que tivermos mais informa\u00e7\u00f5es a respeito, compartilharemos com voc\u00eas.<\/p>\n<p>Agradecemos ao cliente Klenio do Rio Grande do Norte por ter levantado esta d\u00favida, que acabou originando este <em>post<\/em>.<\/p>\n<p>At\u00e9 a pr\u00f3xima!<\/p>\n<p>Postado por Joana Gaspar<\/p>\n<hr\/>\n","protected":false},"excerpt":{"rendered":"<p>Por esses dias, um de nossos clientes nos perguntou se t\u00ednhamos not\u00edcias a respeito da Folha digital. Me dei conta de que eu n\u00e3o tinha informa\u00e7\u00f5es suficientes para passar ao meu cliente e senti a necessidade de pesquisar o assunto mais a fundo para ficar mais por dentro da situa\u00e7\u00e3o. E desta pesquisa nasceu este &#8230;<a class=\"post-readmore\" href=\"https:\/\/blog.quarta.com.br\/?p=909\">read more<\/a><\/p>\n","protected":false},"author":6,"featured_media":0,"comment_status":"open","ping_status":"open","sticky":false,"template":"","format":"standard","meta":{"footnotes":""},"categories":[6,10],"tags":[60,55,56,58,57,59],"class_list":["post-909","post","type-post","status-publish","format-standard","hentry","category-aplicativos-do-governo","category-folha-de-pagamento","tag-afd","tag-afd-folha","tag-afd-social","tag-e-folha","tag-folha-digital","tag-sped"],"_links":{"self":[{"href":"https:\/\/blog.quarta.com.br\/index.php?rest_route=\/wp\/v2\/posts\/909","targetHints":{"allow":["GET"]}}],"collection":[{"href":"https:\/\/blog.quarta.com.br\/index.php?rest_route=\/wp\/v2\/posts"}],"about":[{"href":"https:\/\/blog.quarta.com.br\/index.php?rest_route=\/wp\/v2\/types\/post"}],"author":[{"embeddable":true,"href":"https:\/\/blog.quarta.com.br\/index.php?rest_route=\/wp\/v2\/users\/6"}],"replies":[{"embeddable":true,"href":"https:\/\/blog.quarta.com.br\/index.php?rest_route=%2Fwp%2Fv2%2Fcomments&post=909"}],"version-history":[{"count":16,"href":"https:\/\/blog.quarta.com.br\/index.php?rest_route=\/wp\/v2\/posts\/909\/revisions"}],"predecessor-version":[{"id":984,"href":"https:\/\/blog.quarta.com.br\/index.php?rest_route=\/wp\/v2\/posts\/909\/revisions\/984"}],"wp:attachment":[{"href":"https:\/\/blog.quarta.com.br\/index.php?rest_route=%2Fwp%2Fv2%2Fmedia&parent=909"}],"wp:term":[{"taxonomy":"category","embeddable":true,"href":"https:\/\/blog.quarta.com.br\/index.php?rest_route=%2Fwp%2Fv2%2Fcategories&post=909"},{"taxonomy":"post_tag","embeddable":true,"href":"https:\/\/blog.quarta.com.br\/index.php?rest_route=%2Fwp%2Fv2%2Ftags&post=909"}],"curies":[{"name":"wp","href":"https:\/\/api.w.org\/{rel}","templated":true}]}}